{"id":55810,"date":"2025-04-21T11:49:00","date_gmt":"2025-04-21T14:49:00","guid":{"rendered":"https:\/\/www.radiopresidenteibanez.cl\/web\/?p=55810"},"modified":"2025-04-21T10:56:07","modified_gmt":"2025-04-21T13:56:07","slug":"municipio-de-cabo-de-hornos-impulsa-gestion-de-residuos-a-traves-de-campanas-a-estudiantes-y-vecinos-de-puerto-williams","status":"publish","type":"post","link":"https:\/\/www.radiopresidenteibanez.cl\/web\/municipio-de-cabo-de-hornos-impulsa-gestion-de-residuos-a-traves-de-campanas-a-estudiantes-y-vecinos-de-puerto-williams\/","title":{"rendered":"Municipio de Cabo de Hornos impulsa gesti\u00f3n de residuos a trav\u00e9s de campa\u00f1as a estudiantes y vecinos de Puerto Williams"},"content":{"rendered":"\n<p><strong>La comuna de Cabo de Hornos<\/strong>&nbsp;est\u00e1 fortaleciendo su compromiso ambiental a trav\u00e9s de programas sostenidos de reciclaje y educaci\u00f3n ciudadana, a los fines de construir una comunidad m\u00e1s limpia, consciente y responsable. Desde el municipio,&nbsp;<strong>el equipo de Medio Ambiente<\/strong>&nbsp;ha desarrollado diversas estrategias para facilitar la gesti\u00f3n de residuos y fomentar el cuidado del entorno en&nbsp;<strong>Puerto Williams<\/strong>.<\/p>\n\n\n\n<p><strong>Yesenia Meza Toledo, asesora ambiental<\/strong>, explic\u00f3 que la iniciativa se implementa&nbsp;<strong>\u201ca trav\u00e9s de su concientizaci\u00f3n y protecci\u00f3n del medioambiente\u201d<\/strong>, mediante dos programas clave.&nbsp;<strong><em>\u201cEl primero es el d\u00eda lunes a las 9.30 de la ma\u00f1ana, el puerta a puerta de envases y embalajes, y el segundo es residuos org\u00e1nicos a las 9.30 de la ma\u00f1ana, los d\u00edas mi\u00e9rcoles\u201d,<\/em><\/strong>&nbsp;detall\u00f3. Adem\u00e1s, agreg\u00f3 que la Municipalidad&nbsp;<strong><em>\u201ccuenta con un punto verde donde la gente se puede acercar a dejar su reciclaje, campanas dispuestas en distintos puntos de la ciudad, y este reciclaje lo sacamos a Punta Arenas, donde lo recibe la empresa Recipat, y trabajamos en colaboraci\u00f3n con Axis y Salfa, quienes nos apoyan con sus ramplas para sacar este reciclaje\u201d.<\/em><\/strong><\/p>\n\n\n\n<p>Tales materiales no se quedan en la isla, sino que son trasladados hasta la capital regional para su correcta disposici\u00f3n.<\/p>\n\n\n\n<p>Los resultados ya son visibles. A finales del a\u00f1o pasado,&nbsp;<strong><em>se lograron retirar cerca de 11.500 kilos de cart\u00f3n \u2014equivalentes a 23 fardos\u2014,<\/em><\/strong>&nbsp;como parte de un esfuerzo por mantener los espacios p\u00fablicos limpios y saludables.<\/p>\n\n\n\n<p>Adem\u00e1s, se han habilitado varios puntos de reciclaje distribuidos estrat\u00e9gicamente en la comuna, incluyendo el centro comercial y sectores costeros, para que los vecinos puedan contribuir de forma activa.<\/p>\n\n\n\n<p>Meza tambi\u00e9n resalt\u00f3 el trabajo formativo que se realiza con la comunidad escolar.&nbsp;<strong><em>\u201cLa Municipalidad implement\u00f3 un trabajo con ni\u00f1as, ni\u00f1os y adolescentes de la comunidad a trav\u00e9s de los establecimientos educacionales, donde se realizan diferentes actividades medioambientales\u201d,<\/em><\/strong>&nbsp;se\u00f1al\u00f3.<\/p>\n\n\n\n<p>De cara al futuro, se anuncian nuevas acciones comunitarias<strong><em>: \u201cLos nuevos desaf\u00edos como Municipalidad de Cabo de Hornos respecto a lo que es el medioambiente, es implementar Recicla tus Cachureos, pasando por los diferentes hogares una vez al mes al recolectar los diferentes elementos\u201d.<\/em><\/strong><\/p>\n\n\n\n<p>El aspecto educativo es otro pilar central del programa. La municipalidad trabaja estrechamente con los estudiantes.&nbsp;<strong><em>\u00abIncluimos a los ni\u00f1os y ni\u00f1as en campa\u00f1as ambientales, como una que hicimos con bater\u00edas, donde toda la comunidad deb\u00eda juntar en un contenedor bater\u00edas y nosotros poder sacarlas de ac\u00e1. Tambi\u00e9n trabajamos con el calendario medioambiental del Ministerio del Medio Ambiente, haciendo part\u00edcipes a los ni\u00f1os en actividades para conocer nuestras instalaciones y aprender sobre residuos org\u00e1nicos\u00bb.<\/em><\/strong><\/p>\n\n\n\n<p>A su vez, se contempla la expansi\u00f3n de la educaci\u00f3n ambiental hacia otros sectores<strong><em>. \u201cSe quiere capacitar al adulto mayor y a las juntas de vecinos, y de esta manera trabajamos en comunidad. Cuidar el medioambiente es tarea de todos\u201d,<\/em><\/strong>&nbsp;enfatiz\u00f3.<\/p>\n\n\n\n<p>Recientemente se inaugur\u00f3 un punto de recolecci\u00f3n que cuenta con contenedores diferenciados para pl\u00e1stico, cart\u00f3n, latas y vidrio.&nbsp;<strong><em>\u201cExisten dos campanas de vidrio donde la gente se puede acercar y, si lo prefiere, dejar sus residuos afuera de su casa para que pasemos a recogerlos\u201d,&nbsp;<\/em><\/strong>a\u00f1adi\u00f3 Meza.<\/p>\n\n\n\n<p>La comuna busca consolidar una cultura de reciclaje que involucre a toda la ciudadan\u00eda.&nbsp;<strong><em>\u201cLa municipalidad busca sensibilizar a la comunidad sobre educaci\u00f3n ambiental manteniendo el cuidado y protecci\u00f3n del medioambiente para estar en un entorno natural, limpio y saludable\u201d,<\/em><\/strong>&nbsp;concluy\u00f3 la asesora.<\/p>\n","protected":false},"excerpt":{"rendered":"<p>La comuna de Cabo de Hornos&nbsp;est\u00e1 fortaleciendo su compromiso ambiental a trav\u00e9s de programas sostenidos de reciclaje y educaci\u00f3n ciudadana, a los fines de construir una comunidad m\u00e1s limpia, consciente&#8230; <a class=\"read-more\" href=\"https:\/\/www.radiopresidenteibanez.cl\/web\/municipio-de-cabo-de-hornos-impulsa-gestion-de-residuos-a-traves-de-campanas-a-estudiantes-y-vecinos-de-puerto-williams\/\">Leer m\u00e1s<\/a><\/p>\n","protected":false},"author":2,"featured_media":55811,"comment_status":"closed","ping_status":"closed","sticky":false,"template":"","format":"standard","meta":{"footnotes":""},"categories":[1],"tags":[],"class_list":["post-55810","post","type-post","status-publish","format-standard","has-post-thumbnail","hentry","category-cronica"],"_links":{"self":[{"href":"https:\/\/www.radiopresidenteibanez.cl\/web\/wp-json\/wp\/v2\/posts\/55810","targetHints":{"allow":["GET"]}}],"collection":[{"href":"https:\/\/www.radiopresidenteibanez.cl\/web\/wp-json\/wp\/v2\/posts"}],"about":[{"href":"https:\/\/www.radiopresidenteibanez.cl\/web\/wp-json\/wp\/v2\/types\/post"}],"author":[{"embeddable":true,"href":"https:\/\/www.radiopresidenteibanez.cl\/web\/wp-json\/wp\/v2\/users\/2"}],"replies":[{"embeddable":true,"href":"https:\/\/www.radiopresidenteibanez.cl\/web\/wp-json\/wp\/v2\/comments?post=55810"}],"version-history":[{"count":0,"href":"https:\/\/www.radiopresidenteibanez.cl\/web\/wp-json\/wp\/v2\/posts\/55810\/revisions"}],"wp:featuredmedia":[{"embeddable":true,"href":"https:\/\/www.radiopresidenteibanez.cl\/web\/wp-json\/wp\/v2\/media\/55811"}],"wp:attachment":[{"href":"https:\/\/www.radiopresidenteibanez.cl\/web\/wp-json\/wp\/v2\/media?parent=55810"}],"wp:term":[{"taxonomy":"category","embeddable":true,"href":"https:\/\/www.radiopresidenteibanez.cl\/web\/wp-json\/wp\/v2\/categories?post=55810"},{"taxonomy":"post_tag","embeddable":true,"href":"https:\/\/www.radiopresidenteibanez.cl\/web\/wp-json\/wp\/v2\/tags?post=55810"}],"curies":[{"name":"wp","href":"https:\/\/api.w.org\/{rel}","templated":true}]}}