{"id":55807,"date":"2025-04-21T10:19:00","date_gmt":"2025-04-21T13:19:00","guid":{"rendered":"https:\/\/www.radiopresidenteibanez.cl\/web\/?p=55807"},"modified":"2025-04-21T09:59:18","modified_gmt":"2025-04-21T12:59:18","slug":"17-tecnicos-y-educadoras-de-parvulos-de-establecimientos-del-slep-magallanes-son-seleccionadas-para-participar-en-programa-de-fortalecimiento-cientifico","status":"publish","type":"post","link":"https:\/\/www.radiopresidenteibanez.cl\/web\/17-tecnicos-y-educadoras-de-parvulos-de-establecimientos-del-slep-magallanes-son-seleccionadas-para-participar-en-programa-de-fortalecimiento-cientifico\/","title":{"rendered":"17 t\u00e9cnicos y educadoras de p\u00e1rvulos de establecimientos del SLEP Magallanes son seleccionadas para participar en programa de fortalecimiento cient\u00edfico"},"content":{"rendered":"\n<p>Con el objetivo de fortalecer sus habilidades y conocimiento cient\u00edfico, y transmitirlo a ni\u00f1os y<br>ni\u00f1as, es que m\u00faltiples t\u00e9cnicos y educadoras de p\u00e1rvulos postularon al Programa de Indagaci\u00f3n<br>para Primeras Edades (PIPE) 2025- 2026 de PAR Explora Magallanes, financiado por el Ministerio<br>de Ciencia, Tecnolog\u00eda, Conocimiento e Innovaci\u00f3n.<br>En total 17 funcionarias de 11 establecimientos del Servicio Local de Educaci\u00f3n P\u00fablica Magallanes<br>fueron las elegidas para participar en este relevante programa, que busca fomentar la exploraci\u00f3n<br>e investigaci\u00f3n cient\u00edfica en las primeras edades.<br>\u201cNos alegra que m\u00faltiples educadoras y t\u00e9cnicos en educaci\u00f3n parvularia hayan participado en<br>esta convocatoria abierta, que permitir\u00e1 reforzar y mejorar el trabajo educativo al interior de<br>jardines infantiles, escuelas y liceo de toda nuestra regi\u00f3n\u201d, coment\u00f3 Elizabeth Ar\u00e1nguiz,<br>Subdirectora de la Unidad T\u00e9cnico Pedag\u00f3gica del SLEP Magallanes.<br>Las diversas funcionarias seleccionadas para participar en el programa PIPE son de diferentes<br>localidades de Magallanes, entre ellas, Punta Delgada, Villa Cameron en Tierra del Fuego, Puerto<br>Natales y Puerto Williams.<br>\u201cDe 31 seleccionadas, 17 pertenecen al SLEP Magallanes, lo que demuestra el alto inter\u00e9s de los<br>equipos pedag\u00f3gicos en reforzar sus conocimientos en materias tan relevantes como la innovaci\u00f3n y la tecnolog\u00eda\u201d, declar\u00f3 la Subdirectora.<br>Las funcionarias seleccionadas para participar de esta capacitaci\u00f3n son de la escuela Ignacio<br>carrera Pinto, escuela Juan Ladrillero, escuela Coronel Santiago Bueras, escuela Fronteriza<br>Dorotea, escuela Punta Delgada, jard\u00edn infantil Archipi\u00e9lago de Chilo\u00e9, jard\u00edn infantil Bello<br>Amanecer, jard\u00edn Nubes Australes, jard\u00edn Tolken Haru, jard\u00edn infantil Piececitos de ni\u00f1o y el Liceo<br>Donald Mc Intyre.<\/p>\n","protected":false},"excerpt":{"rendered":"<p>Con el objetivo de fortalecer sus habilidades y conocimiento cient\u00edfico, y transmitirlo a ni\u00f1os yni\u00f1as, es que m\u00faltiples t\u00e9cnicos y educadoras de p\u00e1rvulos postularon al Programa de Indagaci\u00f3npara Primeras Edades&#8230; <a class=\"read-more\" href=\"https:\/\/www.radiopresidenteibanez.cl\/web\/17-tecnicos-y-educadoras-de-parvulos-de-establecimientos-del-slep-magallanes-son-seleccionadas-para-participar-en-programa-de-fortalecimiento-cientifico\/\">Leer m\u00e1s<\/a><\/p>\n","protected":false},"author":2,"featured_media":55808,"comment_status":"closed","ping_status":"closed","sticky":false,"template":"","format":"standard","meta":{"footnotes":""},"categories":[1],"tags":[],"class_list":["post-55807","post","type-post","status-publish","format-standard","has-post-thumbnail","hentry","category-cronica"],"_links":{"self":[{"href":"https:\/\/www.radiopresidenteibanez.cl\/web\/wp-json\/wp\/v2\/posts\/55807","targetHints":{"allow":["GET"]}}],"collection":[{"href":"https:\/\/www.radiopresidenteibanez.cl\/web\/wp-json\/wp\/v2\/posts"}],"about":[{"href":"https:\/\/www.radiopresidenteibanez.cl\/web\/wp-json\/wp\/v2\/types\/post"}],"author":[{"embeddable":true,"href":"https:\/\/www.radiopresidenteibanez.cl\/web\/wp-json\/wp\/v2\/users\/2"}],"replies":[{"embeddable":true,"href":"https:\/\/www.radiopresidenteibanez.cl\/web\/wp-json\/wp\/v2\/comments?post=55807"}],"version-history":[{"count":0,"href":"https:\/\/www.radiopresidenteibanez.cl\/web\/wp-json\/wp\/v2\/posts\/55807\/revisions"}],"wp:featuredmedia":[{"embeddable":true,"href":"https:\/\/www.radiopresidenteibanez.cl\/web\/wp-json\/wp\/v2\/media\/55808"}],"wp:attachment":[{"href":"https:\/\/www.radiopresidenteibanez.cl\/web\/wp-json\/wp\/v2\/media?parent=55807"}],"wp:term":[{"taxonomy":"category","embeddable":true,"href":"https:\/\/www.radiopresidenteibanez.cl\/web\/wp-json\/wp\/v2\/categories?post=55807"},{"taxonomy":"post_tag","embeddable":true,"href":"https:\/\/www.radiopresidenteibanez.cl\/web\/wp-json\/wp\/v2\/tags?post=55807"}],"curies":[{"name":"wp","href":"https:\/\/api.w.org\/{rel}","templated":true}]}}