{"id":55790,"date":"2025-04-20T14:34:00","date_gmt":"2025-04-20T17:34:00","guid":{"rendered":"https:\/\/www.radiopresidenteibanez.cl\/web\/?p=55790"},"modified":"2025-04-20T12:57:37","modified_gmt":"2025-04-20T15:57:37","slug":"congreso-despacha-ley-que-crea-el-nuevo-servicio-nacional-forestal-senado-la-aprobo-de-forma-unanime","status":"publish","type":"post","link":"https:\/\/www.radiopresidenteibanez.cl\/web\/congreso-despacha-ley-que-crea-el-nuevo-servicio-nacional-forestal-senado-la-aprobo-de-forma-unanime\/","title":{"rendered":"Congreso despacha ley que crea el nuevo Servicio Nacional Forestal Senado la aprob\u00f3 de forma un\u00e1nime\u00a0"},"content":{"rendered":"\n<p>De manera un\u00e1nime, con 36 votos a favor, el Senado de la Rep\u00fablica aprob\u00f3 la creaci\u00f3n del nuevo Servicio Nacional Forestal (Sernafor), entidad p\u00fablica que ser\u00e1 la sucesora legal de la Corporaci\u00f3n Nacional Forestal (Conaf).<\/p>\n\n\n\n<p>El ministro de Agricultura, Esteban Valenzuela destac\u00f3 este logro y se\u00f1al\u00f3 que \u201cestamos muy contentos porque creemos que este es un tremendo logro para el sector forestal que por fin va a tener la institucionalidad que necesita. Este es un trabajo que hemos hecho entre todos. Agradecemos a los legisladores por este gran apoyo. Despu\u00e9s de esta votaci\u00f3n estamos listos para tener una instituci\u00f3n que da seguridad de lo que tiene que ser un servicio forestal del Estado\u201d.<\/p>\n\n\n\n<p>Por su parte, la directora ejecutiva de la Conaf, Aida Baldini tambi\u00e9n destac\u00f3 esta hist\u00f3rica ley, que va a permitir tener una institucionalidad robusta y s\u00f3lida. \u201cEste nuevo servicio tendr\u00e1 un rol muy importante en el fomento de la industria forestal, del bosque nativo, y, por cierto, en la mitigaci\u00f3n y prevenci\u00f3n de incendios forestales, aparte, del arbolado urbano y muchas tareas. Quiero agradecer la gesti\u00f3n de articulaci\u00f3n, de busca de consenso, de racionalidad y de buena pol\u00edtica comparada que se ha dado entre todos los parlamentarios\u201d, se\u00f1al\u00f3 la directora.<\/p>\n\n\n\n<p>La Corporaci\u00f3n Nacional Forestal (Conaf) se cre\u00f3 el a\u00f1o 1973 y existe desde hace m\u00e1s de 50 a\u00f1os. Con la aprobaci\u00f3n de esta nueva ley quedar\u00e1 dividido en dos servicios, el Servicio de Biodiversidad y Areas Protegidas (SBAP) que depender\u00e1 del Ministerio de Medio Ambiente y el Servicio Nacional Forestal (Sernafor) que quedar\u00e1 bajo el alero del Ministerio de Agricultura.<\/p>\n\n\n\n<p>Esto har\u00e1 que la institucionalidad de estos servicios se haga m\u00e1s robusta. El Sernafor deber\u00e1 elegir sus autoridades por Alta Direcci\u00f3n P\u00fablica (ADP) y tendr\u00e1 nuevas facultades con la que ahora no cuenta, como acceder a fuentes de agua y a predios afectados sin esperar la instrucci\u00f3n del Estado Mayor Conjunto para combatir incendios.<\/p>\n\n\n\n<p>Esta nueva legislaci\u00f3n fortalece las funciones y atribuciones que ha desempe\u00f1ado hist\u00f3ricamente la Corporaci\u00f3n Nacional Forestal. Entre estas atribuciones est\u00e1 la fiscalizaci\u00f3n de las leyes sectoriales de competencia del Servicio.<\/p>\n\n\n\n<p>Por otra parte, se entrega a los funcionarios que ejecuten dichas labores de fiscalizaci\u00f3n el car\u00e1cter de ministros de fe para constatar infracciones; nuevas atribuciones en materia de protecci\u00f3n contra incendios forestales; y la ejecuci\u00f3n de programas y proyectos para el control de plagas que afecten bosques u otras formaciones vegetacionales que no sean competencia del SAG. &nbsp;<\/p>\n\n\n\n<p>Otra de las funciones de la nueva instituci\u00f3n ser\u00e1 coordinar y ejecutar pol\u00edticas y planes de conservaci\u00f3n, desarrollo, fomento y manejo sustentable de bosques; coordinar acciones para la prevenci\u00f3n, mitigaci\u00f3n, protecci\u00f3n y respuesta contra incendios forestales; formular estrategias para promover la sustentabilidad del sector forestal.<\/p>\n\n\n\n<p>Tambi\u00e9n deber\u00e1 elaborar un cat\u00e1logo de las especies arb\u00f3reas y arbustivas, nativas o introducidas. Contendr\u00e1 los requisitos de plantaci\u00f3n, manejo, conservaci\u00f3n y de eficiencia h\u00eddrica requeridos por cada especie. Este instrumento ser\u00e1 de uso obligatorio para las nuevas urbanizaciones y para nuevo arbolado en zonas de inter\u00e9s tur\u00edstico, t\u00edpicas, caminos p\u00fablicos, riberas u otras de uso p\u00fablico o declarados como \u00e1reas verdes, entre otras m\u00faltiples funciones.<\/p>\n","protected":false},"excerpt":{"rendered":"<p>De manera un\u00e1nime, con 36 votos a favor, el Senado de la Rep\u00fablica aprob\u00f3 la creaci\u00f3n del nuevo Servicio Nacional Forestal (Sernafor), entidad p\u00fablica que ser\u00e1 la sucesora legal de&#8230; <a class=\"read-more\" href=\"https:\/\/www.radiopresidenteibanez.cl\/web\/congreso-despacha-ley-que-crea-el-nuevo-servicio-nacional-forestal-senado-la-aprobo-de-forma-unanime\/\">Leer m\u00e1s<\/a><\/p>\n","protected":false},"author":2,"featured_media":55791,"comment_status":"closed","ping_status":"closed","sticky":false,"template":"","format":"standard","meta":{"footnotes":""},"categories":[1],"tags":[],"class_list":["post-55790","post","type-post","status-publish","format-standard","has-post-thumbnail","hentry","category-cronica"],"_links":{"self":[{"href":"https:\/\/www.radiopresidenteibanez.cl\/web\/wp-json\/wp\/v2\/posts\/55790","targetHints":{"allow":["GET"]}}],"collection":[{"href":"https:\/\/www.radiopresidenteibanez.cl\/web\/wp-json\/wp\/v2\/posts"}],"about":[{"href":"https:\/\/www.radiopresidenteibanez.cl\/web\/wp-json\/wp\/v2\/types\/post"}],"author":[{"embeddable":true,"href":"https:\/\/www.radiopresidenteibanez.cl\/web\/wp-json\/wp\/v2\/users\/2"}],"replies":[{"embeddable":true,"href":"https:\/\/www.radiopresidenteibanez.cl\/web\/wp-json\/wp\/v2\/comments?post=55790"}],"version-history":[{"count":0,"href":"https:\/\/www.radiopresidenteibanez.cl\/web\/wp-json\/wp\/v2\/posts\/55790\/revisions"}],"wp:featuredmedia":[{"embeddable":true,"href":"https:\/\/www.radiopresidenteibanez.cl\/web\/wp-json\/wp\/v2\/media\/55791"}],"wp:attachment":[{"href":"https:\/\/www.radiopresidenteibanez.cl\/web\/wp-json\/wp\/v2\/media?parent=55790"}],"wp:term":[{"taxonomy":"category","embeddable":true,"href":"https:\/\/www.radiopresidenteibanez.cl\/web\/wp-json\/wp\/v2\/categories?post=55790"},{"taxonomy":"post_tag","embeddable":true,"href":"https:\/\/www.radiopresidenteibanez.cl\/web\/wp-json\/wp\/v2\/tags?post=55790"}],"curies":[{"name":"wp","href":"https:\/\/api.w.org\/{rel}","templated":true}]}}