{"id":55751,"date":"2025-04-16T18:13:00","date_gmt":"2025-04-16T21:13:00","guid":{"rendered":"https:\/\/www.radiopresidenteibanez.cl\/web\/?p=55751"},"modified":"2025-04-16T15:34:53","modified_gmt":"2025-04-16T18:34:53","slug":"epaustral-destaca-la-aprobacion-de-solicitud-financiamiento-del-core-magallanes-para-el-nuevo-terminal-de-pasajeros-es-un-hito-muy-importante-en-nuestro-proceso-de-desarrollo","status":"publish","type":"post","link":"https:\/\/www.radiopresidenteibanez.cl\/web\/epaustral-destaca-la-aprobacion-de-solicitud-financiamiento-del-core-magallanes-para-el-nuevo-terminal-de-pasajeros-es-un-hito-muy-importante-en-nuestro-proceso-de-desarrollo\/","title":{"rendered":"EPAUSTRAL destaca la aprobaci\u00f3n de solicitud financiamiento del CORE Magallanes para el nuevo Terminal de Pasajeros: \u201cEs un hito muy importante en nuestro proceso de desarrollo\u201d"},"content":{"rendered":"\n<p>El Consejo Regional de Magallanes aprob\u00f3 este lunes 14 de abril la solicitud de financiamiento para la construcci\u00f3n del nuevo Terminal de Pasajeros de la Empresa Portuaria Austral. Este proyecto, enmarcado en el Convenio de Programaci\u00f3n firmado en 2024 entre el Gobierno Regional y EPAUSTRAL, representa un avance significativo en el mejoramiento de la infraestructura portuaria de la Regi\u00f3n de Magallanes.<\/p>\n\n\n\n<p>\u201cEl Muelle Arturo Prat es el principal puerto en Chile para la recepci\u00f3n de cruceros nacionales e internacionales y, por ende, para el movimiento de pasajeros. Este proyecto permitir\u00e1 optimizar toda la log\u00edstica vinculada a la operaci\u00f3n de cruceros. Es un hito muy importante y marca un paso m\u00e1s en nuestro proceso de desarrollo y mejoramiento de la infraestructura portuaria en nuestras instalaciones\u201d, expres\u00f3 Marcela Mansilla, Gerenta de Servicios de EPAUSTRAL, quien agradeci\u00f3 el apoyo de los consejeros regionales y <a href=\"https:\/\/www.epaustral.cl\/consejo-regional-de-magallanes-visita-instalaciones-de-la-epaustral\/\"><strong>la posibilidad que tuvieron de visitar el Terminal Arturo Prat para conversar sobre este y otros proyectos a principios de marzo.<\/strong><\/a><\/p>\n\n\n\n<p>En una votaci\u00f3n un\u00e1nime, los integrantes del CORE respaldaron la propuesta de traspaso de M$8.686.102 para la futura construcci\u00f3n del recinto en el Terminal Arturo Prat (EPAUSTRAL aportar\u00e1 con M$7.037), un punto clave en la operaci\u00f3n portuaria administrada por la empresa, que gestiona puertos y siete rampas de conectividad en la Regi\u00f3n de Magallanes y Ant\u00e1rtica Chilena.<\/p>\n\n\n\n<p>Este nuevo Terminal de Pasajeros forma parte del convenio \u00abMejorando el Sistema Portuario para potenciar el Desarrollo de Magallanes y de la Ant\u00e1rtica Chilena\u00bb, el cual contempla otras iniciativas en los Muelles Prat y Mardones. Se trata de un instrumento clave contenido en la cartera de proyectos estrat\u00e9gicos de la Empresa Portuaria Austral para fortalecer la infraestructura portuaria y ser agentes activos del desarrollo del territorio.<\/p>\n\n\n\n<p><strong>Vinculaci\u00f3n con la comunidad<\/strong><\/p>\n\n\n\n<p>Con la proyecci\u00f3n de su habilitaci\u00f3n entre 2026 y 2027, EPAUSTRAL anticipa que la nueva zona de tr\u00e1nsito de pasajeros contar\u00e1 con un est\u00e1ndar mejorado para el recambio de viajeros y facilitar\u00e1 las operaciones de instituciones como SAG, Aduanas y la Autoridad Mar\u00edtima. \u00abEsto representa un beneficio para la ciudad, ya que permitir\u00e1 que los pasajeros lleguen m\u00e1s r\u00e1pidamente a sus destinos y accedan a los distintos servicios que ofrece la regi\u00f3n\u00bb, destac\u00f3 Marcela Mansilla.<\/p>\n\n\n\n<p>Adem\u00e1s, este nuevo terminal tendr\u00e1 otras caracter\u00edsticas: un espacio para eventos, ampliando la oferta de recintos disponibles en Punta Arenas para actividades como seminarios o congresos, y la integraci\u00f3n al proyecto de mejoramiento del borde costero (de la Direcci\u00f3n de Obras Portuarias), para facilitar el acceso de la comunidad al Muelle Prat y fortalecer el v\u00ednculo con los habitantes de Punta Arenas. \u201cTambi\u00e9n es una forma de que la empresa portuaria contribuya al desarrollo y a la actividad de la ciudad de Punta Arenas\u201d, concluy\u00f3 la Gerenta de Servicios de EPAUSTRAL.<\/p>\n","protected":false},"excerpt":{"rendered":"<p>El Consejo Regional de Magallanes aprob\u00f3 este lunes 14 de abril la solicitud de financiamiento para la construcci\u00f3n del nuevo Terminal de Pasajeros de la Empresa Portuaria Austral. Este proyecto,&#8230; <a class=\"read-more\" href=\"https:\/\/www.radiopresidenteibanez.cl\/web\/epaustral-destaca-la-aprobacion-de-solicitud-financiamiento-del-core-magallanes-para-el-nuevo-terminal-de-pasajeros-es-un-hito-muy-importante-en-nuestro-proceso-de-desarrollo\/\">Leer m\u00e1s<\/a><\/p>\n","protected":false},"author":2,"featured_media":55752,"comment_status":"closed","ping_status":"closed","sticky":false,"template":"","format":"standard","meta":{"footnotes":""},"categories":[1],"tags":[],"class_list":["post-55751","post","type-post","status-publish","format-standard","has-post-thumbnail","hentry","category-cronica"],"_links":{"self":[{"href":"https:\/\/www.radiopresidenteibanez.cl\/web\/wp-json\/wp\/v2\/posts\/55751","targetHints":{"allow":["GET"]}}],"collection":[{"href":"https:\/\/www.radiopresidenteibanez.cl\/web\/wp-json\/wp\/v2\/posts"}],"about":[{"href":"https:\/\/www.radiopresidenteibanez.cl\/web\/wp-json\/wp\/v2\/types\/post"}],"author":[{"embeddable":true,"href":"https:\/\/www.radiopresidenteibanez.cl\/web\/wp-json\/wp\/v2\/users\/2"}],"replies":[{"embeddable":true,"href":"https:\/\/www.radiopresidenteibanez.cl\/web\/wp-json\/wp\/v2\/comments?post=55751"}],"version-history":[{"count":0,"href":"https:\/\/www.radiopresidenteibanez.cl\/web\/wp-json\/wp\/v2\/posts\/55751\/revisions"}],"wp:featuredmedia":[{"embeddable":true,"href":"https:\/\/www.radiopresidenteibanez.cl\/web\/wp-json\/wp\/v2\/media\/55752"}],"wp:attachment":[{"href":"https:\/\/www.radiopresidenteibanez.cl\/web\/wp-json\/wp\/v2\/media?parent=55751"}],"wp:term":[{"taxonomy":"category","embeddable":true,"href":"https:\/\/www.radiopresidenteibanez.cl\/web\/wp-json\/wp\/v2\/categories?post=55751"},{"taxonomy":"post_tag","embeddable":true,"href":"https:\/\/www.radiopresidenteibanez.cl\/web\/wp-json\/wp\/v2\/tags?post=55751"}],"curies":[{"name":"wp","href":"https:\/\/api.w.org\/{rel}","templated":true}]}}