{"id":5575,"date":"2019-07-05T16:17:31","date_gmt":"2019-07-05T16:17:31","guid":{"rendered":"http:\/\/www.radiopresidenteibanez.cl\/web\/?p=5575"},"modified":"2019-07-05T16:18:16","modified_gmt":"2019-07-05T16:18:16","slug":"mujeres-mineras-invitan-a-ministros-del-tribunal-ambiental-de-valdivia-para-visitar-las-labores-de-mina-invierno","status":"publish","type":"post","link":"https:\/\/www.radiopresidenteibanez.cl\/web\/mujeres-mineras-invitan-a-ministros-del-tribunal-ambiental-de-valdivia-para-visitar-las-labores-de-mina-invierno\/","title":{"rendered":"MUJERES MINERAS INVITAN A MINISTROS DEL TRIBUNAL AMBIENTAL DE VALDIVIA PARA VISITAR LAS LABORES DE MINA INVIERNO"},"content":{"rendered":"\n<p>Se\u00f1ores\/a<\/p>\n\n\n\n<p>Iv\u00e1n\nHunter, Michael Hantke y Sibel Villalobos <\/p>\n\n\n\n<p>Ministros\ndel Tribunal Ambiental de Valdivia<\/p>\n\n\n\n<p>Presente<\/p>\n\n\n\n<p>Junto con saludar nos dirigimos a\nustedes para hacerles una invitaci\u00f3n.<\/p>\n\n\n\n<p>Estamos preocupadas por la situaci\u00f3n\nque atraviesa Mina Invierno, el lugar que nos permiti\u00f3 desarrollarnos en un \u00e1rea\nque tradicionalmente estuvo reservado al \u00e1mbito masculino. <\/p>\n\n\n\n<p>Somos operadoras, bodegueras, ingenieras,\npsic\u00f3logas y adherimos cien por ciento a la importancia que tiene la protecci\u00f3n\ny el cuidado del medio ambiente.<\/p>\n\n\n\n<p>Muchas de nosotras hemos tenido la\noportunidad de trabajar en temas de sustentabilidad dentro de la compa\u00f1\u00eda por\nlo que conocemos de cerca el valor que esta tiene dentro de la operaci\u00f3n, por\nejemplo, a trav\u00e9s de la revegetaci\u00f3n de botaderos. Damos fe, tambi\u00e9n, del\ncompromiso con la recuperaci\u00f3n de la flora nativa, que se materializa en la\nreforestaci\u00f3n de zonas de la isla donde la actividad ganadera arras\u00f3 con ella. <\/p>\n\n\n\n<p>El mismo esp\u00edritu se ha mantenido en\nla implementaci\u00f3n de los m\u00e9todos extractivos \u2013 incluido el uso de tronaduras-\npara preservar las improntas vegetales, que contrariamente a lo que se piensa,\nha permitido el rescate y estudio del material paleobot\u00e1nico. <\/p>\n\n\n\n<p>Como es esperable en una situaci\u00f3n cr\u00edtica\ncomo esta \u2013 donde muchas de nuestras compa\u00f1eras han perdido sus puestos de\ntrabajo- estamos defendiendo la posibilidad de seguir teniendo un lugar en la\nminer\u00eda. Pero no solo eso, tambi\u00e9n lo hacemos porque estamos convencidas de que\nlas cosas se hacen bien en esta faena. <\/p>\n\n\n\n<p>Por esta raz\u00f3n, reiteramos la invitaci\u00f3n\nhecha por trabajadores a que visiten Mina Invierno y vean de cerca c\u00f3mo\ntrabajamos. Respetamos su rol, pero antes de tomar una decisi\u00f3n, esperamos\npoder recibirles en nuestra casa, en Isla Riesco. <\/p>\n\n\n\n<p>Sin otro particular le saludan,<\/p>\n\n\n\n<p>Alba Aguilante Catal\u00e1n&nbsp;&nbsp;&nbsp;&nbsp;&nbsp;&nbsp;&nbsp;&nbsp;&nbsp;&nbsp;&nbsp;&nbsp;&nbsp;&nbsp;&nbsp; &nbsp;&nbsp;&nbsp;&nbsp;&nbsp;&nbsp;&nbsp;&nbsp;&nbsp;&nbsp;&nbsp;&nbsp;&nbsp; &nbsp;&nbsp;&nbsp;&nbsp;&nbsp;&nbsp;&nbsp;&nbsp;&nbsp;&nbsp;&nbsp;&nbsp;&nbsp; Carola Cul\u00fan Aguila<\/p>\n\n\n\n<p>Macarena Hern\u00e1ndez Warner&nbsp;&nbsp;&nbsp;&nbsp;&nbsp;&nbsp;&nbsp;&nbsp;&nbsp;&nbsp;&nbsp;&nbsp;&nbsp;&nbsp;&nbsp;&nbsp; &nbsp;&nbsp;&nbsp;&nbsp;&nbsp;&nbsp;&nbsp;&nbsp;&nbsp;&nbsp;&nbsp;&nbsp;&nbsp; B\u00e1rbara Soto B\u00f3rquez&nbsp;&nbsp; <\/p>\n\n\n\n<p>Mujeresmineras<br>\nMina Invierno<\/p>\n","protected":false},"excerpt":{"rendered":"<p>Se\u00f1ores\/a Iv\u00e1n Hunter, Michael Hantke y Sibel Villalobos Ministros del Tribunal Ambiental de Valdivia Presente Junto con saludar nos dirigimos a ustedes para hacerles una invitaci\u00f3n. Estamos preocupadas por la&#8230; <a class=\"read-more\" href=\"https:\/\/www.radiopresidenteibanez.cl\/web\/mujeres-mineras-invitan-a-ministros-del-tribunal-ambiental-de-valdivia-para-visitar-las-labores-de-mina-invierno\/\">Leer m\u00e1s<\/a><\/p>\n","protected":false},"author":2,"featured_media":391,"comment_status":"closed","ping_status":"closed","sticky":false,"template":"","format":"standard","meta":{"footnotes":""},"categories":[1],"tags":[],"class_list":["post-5575","post","type-post","status-publish","format-standard","has-post-thumbnail","hentry","category-cronica"],"_links":{"self":[{"href":"https:\/\/www.radiopresidenteibanez.cl\/web\/wp-json\/wp\/v2\/posts\/5575","targetHints":{"allow":["GET"]}}],"collection":[{"href":"https:\/\/www.radiopresidenteibanez.cl\/web\/wp-json\/wp\/v2\/posts"}],"about":[{"href":"https:\/\/www.radiopresidenteibanez.cl\/web\/wp-json\/wp\/v2\/types\/post"}],"author":[{"embeddable":true,"href":"https:\/\/www.radiopresidenteibanez.cl\/web\/wp-json\/wp\/v2\/users\/2"}],"replies":[{"embeddable":true,"href":"https:\/\/www.radiopresidenteibanez.cl\/web\/wp-json\/wp\/v2\/comments?post=5575"}],"version-history":[{"count":0,"href":"https:\/\/www.radiopresidenteibanez.cl\/web\/wp-json\/wp\/v2\/posts\/5575\/revisions"}],"wp:featuredmedia":[{"embeddable":true,"href":"https:\/\/www.radiopresidenteibanez.cl\/web\/wp-json\/wp\/v2\/media\/391"}],"wp:attachment":[{"href":"https:\/\/www.radiopresidenteibanez.cl\/web\/wp-json\/wp\/v2\/media?parent=5575"}],"wp:term":[{"taxonomy":"category","embeddable":true,"href":"https:\/\/www.radiopresidenteibanez.cl\/web\/wp-json\/wp\/v2\/categories?post=5575"},{"taxonomy":"post_tag","embeddable":true,"href":"https:\/\/www.radiopresidenteibanez.cl\/web\/wp-json\/wp\/v2\/tags?post=5575"}],"curies":[{"name":"wp","href":"https:\/\/api.w.org\/{rel}","templated":true}]}}