{"id":55740,"date":"2025-04-16T14:34:00","date_gmt":"2025-04-16T17:34:00","guid":{"rendered":"https:\/\/www.radiopresidenteibanez.cl\/web\/?p=55740"},"modified":"2025-04-16T11:41:32","modified_gmt":"2025-04-16T14:41:32","slug":"observaciones-ciudadanas-cuestionan-proceso-de-zonificacion-del-borde-costero-en-magallanes","status":"publish","type":"post","link":"https:\/\/www.radiopresidenteibanez.cl\/web\/observaciones-ciudadanas-cuestionan-proceso-de-zonificacion-del-borde-costero-en-magallanes\/","title":{"rendered":"Observaciones ciudadanas cuestionan proceso de zonificaci\u00f3n del borde costero en Magallanes"},"content":{"rendered":"\n<p>Falta de informaci\u00f3n, exclusi\u00f3n de propuestas ambientales y debilidad metodol\u00f3gica en el tratamiento de los aportes ciudadanos, son parte de las principales observaciones presentadas por el Panel Ciudadano sobre Hidr\u00f3geno en Magallanes al Anteproyecto de Zonificaci\u00f3n del Borde Costero (ZBC), en el proceso convocado por el Gobierno Regional.<\/p>\n\n\n\n<p>Las observaciones fueron ingresadas en el marco del proceso de consulta p\u00fablica, e identifican una serie de aspectos cr\u00edticos que afectan la calidad democr\u00e1tica, la participaci\u00f3n informada y la transparencia del proceso de planificaci\u00f3n territorial.<\/p>\n\n\n\n<h2 class=\"wp-block-heading\">Consensos cuestionados<\/h2>\n\n\n\n<p>Uno de los principales cuestionamientos apunta a que la categor\u00eda de&nbsp;<em>Resguardo Ambiental<\/em>&nbsp;\u2014la m\u00e1s solicitada en las propuestas de uso preferente\u2014 no fue finalmente considerada en la zonificaci\u00f3n, lo que lo que podr\u00eda haber alterado el nivel de consenso de 98%&nbsp;de las zonas definidas,&nbsp;presentado por el documento. Seg\u00fan expone el Panel Ciudadano, esta cifra no se condice con las preferencias manifestadas por la ciudadan\u00eda durante los talleres participativos realizados entre 2022 y 2024.&nbsp;<\/p>\n\n\n\n<p>Las observaciones tambi\u00e9n manifiestan que el sitio web oficial del proceso se mantuvo inactivo durante la consulta p\u00fablica, impidiendo el acceso a antecedentes clave como documentos, actas y mapas. Adem\u00e1s, no se encuentra disponible el informe elaborado por CSIRO \u2014organismo encargado de sistematizar los aportes ciudadanos\u2014, lo que limita la posibilidad de verificar c\u00f3mo fueron incorporadas las propuestas levantadas en m\u00e1s de 30 talleres participativos.<\/p>\n\n\n\n<p>Estas situaciones vulneran los principios establecidos por el Acuerdo de Escaz\u00fa, tratado internacional ratificado por Chile, que garantiza el derecho de acceso a la informaci\u00f3n ambiental.<\/p>\n\n\n\n<h2 class=\"wp-block-heading\">Exclusi\u00f3n de usos y barreras participativas<\/h2>\n\n\n\n<p>Otro de los puntos cr\u00edticos destacados por el Panel Ciudadano es la exclusi\u00f3n en la propuesta final de los usos de&nbsp;<em>Resguardo Medioambiental<\/em>&nbsp;y&nbsp;<em>Resguardo Patrimonial<\/em>, a pesar de haber sido parte de la metodolog\u00eda entregada a las y los participantes durante los talleres. \u201cLa ciudadan\u00eda trabaj\u00f3 durante m\u00e1s de dos a\u00f1os bajo la premisa de que estos usos eran leg\u00edtimos y posibles de establecer. Su eliminaci\u00f3n sin explicaci\u00f3n afecta gravemente la legitimidad del proceso\u201d, advirtieron desde el Panel.<\/p>\n\n\n\n<p>Al mismo tiempo, se plantea que el anteproyecto hace referencia a 43 figuras, incluyendo mapas clave sobre zonas de resguardo ambiental y patrimonial, pero s\u00f3lo public\u00f3 14, dificultando la comprensi\u00f3n integral de la propuesta de zonificaci\u00f3n. A ello se suma la cr\u00edtica al Objetivo Ambiental 1 del Informe Ambiental asociado al anteproyecto, que s\u00f3lo resguarda las funciones ecosist\u00e9micas, sin garantizar la protecci\u00f3n de especies nativas, componentes abi\u00f3ticos y valores patrimoniales del ecosistema.<\/p>\n\n\n\n<p>Finalmente, las observaciones advierten que el formulario online dispuesto para enviar aportes ciudadanos present\u00f3 limitaciones importantes, como un n\u00famero reducido de caracteres que dificult\u00f3 la exposici\u00f3n de observaciones complejas, adem\u00e1s de la falta de confirmaci\u00f3n de recepci\u00f3n de las observaciones enviadas.<\/p>\n\n\n\n<p>El Panel Ciudadano sobre Hidr\u00f3geno en Magallanes solicit\u00f3 que estas observaciones sean consideradas en su totalidad, y que se garanticen est\u00e1ndares de participaci\u00f3n informada y transparente en la planificaci\u00f3n territorial del borde costero.<\/p>\n","protected":false},"excerpt":{"rendered":"<p>Falta de informaci\u00f3n, exclusi\u00f3n de propuestas ambientales y debilidad metodol\u00f3gica en el tratamiento de los aportes ciudadanos, son parte de las principales observaciones presentadas por el Panel Ciudadano sobre Hidr\u00f3geno&#8230; <a class=\"read-more\" href=\"https:\/\/www.radiopresidenteibanez.cl\/web\/observaciones-ciudadanas-cuestionan-proceso-de-zonificacion-del-borde-costero-en-magallanes\/\">Leer m\u00e1s<\/a><\/p>\n","protected":false},"author":2,"featured_media":55741,"comment_status":"closed","ping_status":"closed","sticky":false,"template":"","format":"standard","meta":{"footnotes":""},"categories":[1],"tags":[],"class_list":["post-55740","post","type-post","status-publish","format-standard","has-post-thumbnail","hentry","category-cronica"],"_links":{"self":[{"href":"https:\/\/www.radiopresidenteibanez.cl\/web\/wp-json\/wp\/v2\/posts\/55740","targetHints":{"allow":["GET"]}}],"collection":[{"href":"https:\/\/www.radiopresidenteibanez.cl\/web\/wp-json\/wp\/v2\/posts"}],"about":[{"href":"https:\/\/www.radiopresidenteibanez.cl\/web\/wp-json\/wp\/v2\/types\/post"}],"author":[{"embeddable":true,"href":"https:\/\/www.radiopresidenteibanez.cl\/web\/wp-json\/wp\/v2\/users\/2"}],"replies":[{"embeddable":true,"href":"https:\/\/www.radiopresidenteibanez.cl\/web\/wp-json\/wp\/v2\/comments?post=55740"}],"version-history":[{"count":0,"href":"https:\/\/www.radiopresidenteibanez.cl\/web\/wp-json\/wp\/v2\/posts\/55740\/revisions"}],"wp:featuredmedia":[{"embeddable":true,"href":"https:\/\/www.radiopresidenteibanez.cl\/web\/wp-json\/wp\/v2\/media\/55741"}],"wp:attachment":[{"href":"https:\/\/www.radiopresidenteibanez.cl\/web\/wp-json\/wp\/v2\/media?parent=55740"}],"wp:term":[{"taxonomy":"category","embeddable":true,"href":"https:\/\/www.radiopresidenteibanez.cl\/web\/wp-json\/wp\/v2\/categories?post=55740"},{"taxonomy":"post_tag","embeddable":true,"href":"https:\/\/www.radiopresidenteibanez.cl\/web\/wp-json\/wp\/v2\/tags?post=55740"}],"curies":[{"name":"wp","href":"https:\/\/api.w.org\/{rel}","templated":true}]}}