{"id":55734,"date":"2025-04-16T10:53:00","date_gmt":"2025-04-16T13:53:00","guid":{"rendered":"https:\/\/www.radiopresidenteibanez.cl\/web\/?p=55734"},"modified":"2025-04-16T10:19:34","modified_gmt":"2025-04-16T13:19:34","slug":"consejero-cardenas-valora-aprobacion-de-obras-pero-pide-mejoras-tambien-para-porvenir","status":"publish","type":"post","link":"https:\/\/www.radiopresidenteibanez.cl\/web\/consejero-cardenas-valora-aprobacion-de-obras-pero-pide-mejoras-tambien-para-porvenir\/","title":{"rendered":"Consejero C\u00e1rdenas valora aprobaci\u00f3n de obras, pero pide mejoras tambi\u00e9n para Porvenir"},"content":{"rendered":"\n<p>Durante una jornada de trabajo realizada en Laguna Blanca, el consejero regional por la Provincia de Tierra del Fuego y presidente de la Comisi\u00f3n de Infraestructura, Rodolfo C\u00e1rdenas, destac\u00f3 la aprobaci\u00f3n de dos importantes iniciativas orientadas al fortalecimiento de la conectividad y desarrollo regional, las que fueron sancionadas en sesi\u00f3n plenaria del Consejo Regional de Magallanes junto al gobernador Jorge Flies.<\/p>\n\n\n\n<p>El primero de los proyectos corresponde al \u201cMejoramiento del Borde Costero en Puerto Williams, Cabo de Hornos \u2013 Etapa 1\u201d, iniciativa que ser\u00e1 financiada con cargo al Presupuesto de Inversi\u00f3n Regional a contar del proceso presupuestario 2025. El proyecto, inserto en el Plan Especial de Desarrollo de Zonas Extremas, contempla una inversi\u00f3n total de $12.381 millones, de los cuales $5.661 millones ser\u00e1n aportados por el Gobierno Regional y $6.719 millones provendr\u00e1n de financiamiento sectorial.<\/p>\n\n\n\n<p>La segunda iniciativa aprobada es la \u201cConstrucci\u00f3n del Nuevo Terminal de Pasajeros del Muelle Prat en Punta Arenas\u201d, que se ejecutar\u00e1 en el marco del convenio de programaci\u00f3n GORE\u2013EPA denominado \u201cMejorando el Sistema Portuario para potenciar el Desarrollo de Magallanes y de la Ant\u00e1rtica Chilena\u201d. El proyecto cuenta con un presupuesto total de $8.693 millones, de los cuales $8.686 millones ser\u00e1n financiados por el Gobierno Regional y $7 millones por la Empresa Portuaria Austral.<\/p>\n\n\n\n<p>Al respecto, C\u00e1rdenas valor\u00f3 el respaldo del Consejo a ambas iniciativas y recalc\u00f3 su impacto positivo en la conectividad, el turismo y la econom\u00eda regional. No obstante, advirti\u00f3 que es necesario no dejar de lado a Tierra del Fuego, particularmente a Porvenir, que tambi\u00e9n requiere inversiones estrat\u00e9gicas como el mejoramiento de su borde costero.<\/p>\n\n\n\n<p>\u201cAs\u00ed como Puerto Williams avanza, espero que tambi\u00e9n Porvenir pueda contar con su borde costero, que es una necesidad muy importante para Tierra del Fuego\u201d, enfatiz\u00f3.<\/p>\n\n\n\n<p>En paralelo, el consejero realiz\u00f3 una visita t\u00e9cnica a Laguna Blanca, donde supervis\u00f3 junto a autoridades locales y equipos t\u00e9cnicos el estado de ejecuci\u00f3n de dos proyectos financiados a trav\u00e9s del Fondo Regional de Iniciativa Local (FRIL): el mejoramiento de la posta de salud y la construcci\u00f3n de una sede para actividades culturales, iniciativas que buscan mejorar la calidad de vida de la comunidad<\/p>\n","protected":false},"excerpt":{"rendered":"<p>Durante una jornada de trabajo realizada en Laguna Blanca, el consejero regional por la Provincia de Tierra del Fuego y presidente de la Comisi\u00f3n de Infraestructura, Rodolfo C\u00e1rdenas, destac\u00f3 la&#8230; <a class=\"read-more\" href=\"https:\/\/www.radiopresidenteibanez.cl\/web\/consejero-cardenas-valora-aprobacion-de-obras-pero-pide-mejoras-tambien-para-porvenir\/\">Leer m\u00e1s<\/a><\/p>\n","protected":false},"author":2,"featured_media":55735,"comment_status":"closed","ping_status":"closed","sticky":false,"template":"","format":"standard","meta":{"footnotes":""},"categories":[1],"tags":[],"class_list":["post-55734","post","type-post","status-publish","format-standard","has-post-thumbnail","hentry","category-cronica"],"_links":{"self":[{"href":"https:\/\/www.radiopresidenteibanez.cl\/web\/wp-json\/wp\/v2\/posts\/55734","targetHints":{"allow":["GET"]}}],"collection":[{"href":"https:\/\/www.radiopresidenteibanez.cl\/web\/wp-json\/wp\/v2\/posts"}],"about":[{"href":"https:\/\/www.radiopresidenteibanez.cl\/web\/wp-json\/wp\/v2\/types\/post"}],"author":[{"embeddable":true,"href":"https:\/\/www.radiopresidenteibanez.cl\/web\/wp-json\/wp\/v2\/users\/2"}],"replies":[{"embeddable":true,"href":"https:\/\/www.radiopresidenteibanez.cl\/web\/wp-json\/wp\/v2\/comments?post=55734"}],"version-history":[{"count":0,"href":"https:\/\/www.radiopresidenteibanez.cl\/web\/wp-json\/wp\/v2\/posts\/55734\/revisions"}],"wp:featuredmedia":[{"embeddable":true,"href":"https:\/\/www.radiopresidenteibanez.cl\/web\/wp-json\/wp\/v2\/media\/55735"}],"wp:attachment":[{"href":"https:\/\/www.radiopresidenteibanez.cl\/web\/wp-json\/wp\/v2\/media?parent=55734"}],"wp:term":[{"taxonomy":"category","embeddable":true,"href":"https:\/\/www.radiopresidenteibanez.cl\/web\/wp-json\/wp\/v2\/categories?post=55734"},{"taxonomy":"post_tag","embeddable":true,"href":"https:\/\/www.radiopresidenteibanez.cl\/web\/wp-json\/wp\/v2\/tags?post=55734"}],"curies":[{"name":"wp","href":"https:\/\/api.w.org\/{rel}","templated":true}]}}