{"id":55726,"date":"2025-04-16T08:23:00","date_gmt":"2025-04-16T11:23:00","guid":{"rendered":"https:\/\/www.radiopresidenteibanez.cl\/web\/?p=55726"},"modified":"2025-04-16T08:13:00","modified_gmt":"2025-04-16T11:13:00","slug":"cft-de-magallanes-conmemoro-su-inicio-de-ano-academico-y-5o-aniversario-conemotiva-ceremonia-en-porvenir","status":"publish","type":"post","link":"https:\/\/www.radiopresidenteibanez.cl\/web\/cft-de-magallanes-conmemoro-su-inicio-de-ano-academico-y-5o-aniversario-conemotiva-ceremonia-en-porvenir\/","title":{"rendered":"CFT de Magallanes conmemor\u00f3 su Inicio de A\u00f1o Acad\u00e9mico y 5\u00ba Aniversario conemotiva ceremonia en Porvenir"},"content":{"rendered":"\n<p>Con una emotiva ceremonia realizada este martes en la sede acad\u00e9mica de Porvenir, el Centro<br>de Formaci\u00f3n T\u00e9cnica Estatal de Magallanes dio inicio oficial al A\u00f1o Acad\u00e9mico 2025 y<br>conmemor\u00f3 su Quinto Aniversario, marcando un hito en su consolidaci\u00f3n como instituci\u00f3n<br>formadora en la regi\u00f3n.<br>El evento cont\u00f3 con la presencia de autoridades regionales, representantes de comunidades<br>originarias, del mundo acad\u00e9mico y social. Uno de los momentos m\u00e1s significativos fue la<br>charla magistral de la paleont\u00f3loga y doctora en Ciencias, Judith Pardo P\u00e9rez, quien abord\u00f3 el<br>valor del conocimiento y la memoria territorial en la formaci\u00f3n t\u00e9cnica, y recibi\u00f3 la \u00abDistinci\u00f3n<br>CFT de Magallanes al Compromiso Territorial y Formativo\u00bb, reconocimiento que por primera<br>vez entrega la instituci\u00f3n.<br>Otro instante especialmente emotivo fue protagonizado por Hema\u2019ny Molina, representante<br>del pueblo Selk\u2019nam, quien alz\u00f3 su voz en lengua originaria para invocar una plegaria por el<br>\u00e9xito del nuevo a\u00f1o acad\u00e9mico y por el trabajo en favor del rescate patrimonial de los pueblos<br>ancestrales de la regi\u00f3n.<br>La ceremonia fue encabezada por la rectora del CFT, Valeria Gallardo Abello, quien destac\u00f3 los<br>avances de estos cinco a\u00f1os y dio a conocer una importante proyecci\u00f3n: \u201cHoy consolidamos un<br>proyecto en Porvenir y creemos que, con todo lo que hemos aprendido, ya tenemos las<br>herramientas suficientes como para llegar a impactar a otros j\u00f3venes. Ya tenemos los recursos<br>y esperamos comenzar la construcci\u00f3n en Puerto Natales este segundo semestre\u201d\u200b.<br>En ese contexto, el delegado presidencial provincial de \u00daltima Esperanza, Guillermo Ruiz<br>Santana, valor\u00f3 el anuncio: \u201cEstamos muy motivados, y hemos estado realizando un trabajo<br>conjunto con el Centro de Formaci\u00f3n T\u00e9cnica para allanar el camino a su instalaci\u00f3n en<br>Natales. Creemos en la educaci\u00f3n como un motor de cambio en la sociedad\u201d\u200b.<br>El seremi de Educaci\u00f3n, Valent\u00edn Aguilera, tambi\u00e9n particip\u00f3 del acto y felicit\u00f3 al equipo<br>directivo: \u201cYa se ha consolidado en Tierra del Fuego, Porvenir; y esta expansi\u00f3n hacia la ciudad<br>de Natales es una muy buena noticia. Hoy d\u00eda el CFT de Magallanes se consolida como una<br>oportunidad efectiva para los estudiantes y para las personas de la regi\u00f3n\u201d\u200b.<br>La actividad tambi\u00e9n incluy\u00f3 un interludio musical a cargo de la banda instrumental del<br>Regimiento Caupolic\u00e1n, y sirvi\u00f3 no solo para celebrar los logros institucionales, sino tambi\u00e9n<br>para reafirmar el compromiso del CFT con la equidad territorial, la formaci\u00f3n de calidad y el<br>respeto por la identidad local. Una instituci\u00f3n joven que, en cinco a\u00f1os, ha logrado<br>posicionarse como un referente educativo en la zona m\u00e1s austral del pa\u00eds.<\/p>\n","protected":false},"excerpt":{"rendered":"<p>Con una emotiva ceremonia realizada este martes en la sede acad\u00e9mica de Porvenir, el Centrode Formaci\u00f3n T\u00e9cnica Estatal de Magallanes dio inicio oficial al A\u00f1o Acad\u00e9mico 2025 yconmemor\u00f3 su Quinto&#8230; <a class=\"read-more\" href=\"https:\/\/www.radiopresidenteibanez.cl\/web\/cft-de-magallanes-conmemoro-su-inicio-de-ano-academico-y-5o-aniversario-conemotiva-ceremonia-en-porvenir\/\">Leer m\u00e1s<\/a><\/p>\n","protected":false},"author":2,"featured_media":55727,"comment_status":"closed","ping_status":"closed","sticky":false,"template":"","format":"standard","meta":{"footnotes":""},"categories":[1],"tags":[],"class_list":["post-55726","post","type-post","status-publish","format-standard","has-post-thumbnail","hentry","category-cronica"],"_links":{"self":[{"href":"https:\/\/www.radiopresidenteibanez.cl\/web\/wp-json\/wp\/v2\/posts\/55726","targetHints":{"allow":["GET"]}}],"collection":[{"href":"https:\/\/www.radiopresidenteibanez.cl\/web\/wp-json\/wp\/v2\/posts"}],"about":[{"href":"https:\/\/www.radiopresidenteibanez.cl\/web\/wp-json\/wp\/v2\/types\/post"}],"author":[{"embeddable":true,"href":"https:\/\/www.radiopresidenteibanez.cl\/web\/wp-json\/wp\/v2\/users\/2"}],"replies":[{"embeddable":true,"href":"https:\/\/www.radiopresidenteibanez.cl\/web\/wp-json\/wp\/v2\/comments?post=55726"}],"version-history":[{"count":0,"href":"https:\/\/www.radiopresidenteibanez.cl\/web\/wp-json\/wp\/v2\/posts\/55726\/revisions"}],"wp:featuredmedia":[{"embeddable":true,"href":"https:\/\/www.radiopresidenteibanez.cl\/web\/wp-json\/wp\/v2\/media\/55727"}],"wp:attachment":[{"href":"https:\/\/www.radiopresidenteibanez.cl\/web\/wp-json\/wp\/v2\/media?parent=55726"}],"wp:term":[{"taxonomy":"category","embeddable":true,"href":"https:\/\/www.radiopresidenteibanez.cl\/web\/wp-json\/wp\/v2\/categories?post=55726"},{"taxonomy":"post_tag","embeddable":true,"href":"https:\/\/www.radiopresidenteibanez.cl\/web\/wp-json\/wp\/v2\/tags?post=55726"}],"curies":[{"name":"wp","href":"https:\/\/api.w.org\/{rel}","templated":true}]}}