{"id":55721,"date":"2025-04-15T17:55:00","date_gmt":"2025-04-15T20:55:00","guid":{"rendered":"https:\/\/www.radiopresidenteibanez.cl\/web\/?p=55721"},"modified":"2025-04-15T11:57:14","modified_gmt":"2025-04-15T14:57:14","slug":"hasta-el-25-de-abril-se-encuentran-abiertas-lasinscripciones-para-investigacion-e-innovacion-escolar-del-programa-explora","status":"publish","type":"post","link":"https:\/\/www.radiopresidenteibanez.cl\/web\/hasta-el-25-de-abril-se-encuentran-abiertas-lasinscripciones-para-investigacion-e-innovacion-escolar-del-programa-explora\/","title":{"rendered":"Hasta el 25 de abril se encuentran abiertas lasinscripciones para Investigaci\u00f3n e Innovaci\u00f3n Escolar del programa Explora"},"content":{"rendered":"\n<p>Hasta el 25 de abril se encuentran abiertas las inscripciones para el<br>instrumento de Investigaci\u00f3n e Innovaci\u00f3n Escolar, financiado por el<br>Programa Explora del Ministerio de Ciencia, Tecnolog\u00eda, Conocimiento<br>e Innovaci\u00f3n y ejecutado por la Universidad de Magallanes.<br>El instrumento est\u00e1 dirigido a docentes junto a sus estudiantes desde<br>primero b\u00e1sico hasta cuarto medio a que desarrollen competencias<br>para la investigaci\u00f3n e innovaci\u00f3n de sus proyectos, permiti\u00e9ndoles la<br>socializaci\u00f3n del conocimiento dentro de la comunidad educativa,<br>contribuyendo al desarrollo de aptitudes en las distintas \u00e1reas del<br>conocimiento, la tecnolog\u00eda y la innovaci\u00f3n.<br>Al respecto, la directora ejecutiva de PAR Explora Magallanes, Claudia<br>Salinas, coment\u00f3 que\u201d se invita a los docentes junto a sus estudiantes<br>a que sean parte del instrumento de Investigaci\u00f3n e Innovaci\u00f3n<br>Escolar para que desarrollen proyectos de investigaci\u00f3n,<br>permiti\u00e9ndoles contribuir al desarrollo de la ciencia, tecnolog\u00eda e<br>innovaci\u00f3n y la apropiaci\u00f3n desde el conocimiento desde los<br>territorios\u201d.<br>En tanto, el encargado de Investigaci\u00f3n e Innovaci\u00f3n Escolar , Andr\u00e9s<br>Petric, dijo \u201c esta es una gran oportunidad para que todos los docentes<br>de la regi\u00f3n junto a sus estudiantes participen de esta instancia<br>gratuita y desarrollen sus ideas de proyectos. Para ser parte, visiten y<br>respondan el formulario que se encuentra en nuestra p\u00e1gina web<br>www.explora.cl\/magallanes\u201d.<br>El plazo de inscripci\u00f3n culmina el viernes 25 de abril. Para mayor<br>informaci\u00f3n, contactarse en: comunicaciones.explora@umag.cl.<\/p>\n","protected":false},"excerpt":{"rendered":"<p>Hasta el 25 de abril se encuentran abiertas las inscripciones para elinstrumento de Investigaci\u00f3n e Innovaci\u00f3n Escolar, financiado por elPrograma Explora del Ministerio de Ciencia, Tecnolog\u00eda, Conocimientoe Innovaci\u00f3n y ejecutado&#8230; <a class=\"read-more\" href=\"https:\/\/www.radiopresidenteibanez.cl\/web\/hasta-el-25-de-abril-se-encuentran-abiertas-lasinscripciones-para-investigacion-e-innovacion-escolar-del-programa-explora\/\">Leer m\u00e1s<\/a><\/p>\n","protected":false},"author":2,"featured_media":55722,"comment_status":"closed","ping_status":"closed","sticky":false,"template":"","format":"standard","meta":{"footnotes":""},"categories":[1],"tags":[],"class_list":["post-55721","post","type-post","status-publish","format-standard","has-post-thumbnail","hentry","category-cronica"],"_links":{"self":[{"href":"https:\/\/www.radiopresidenteibanez.cl\/web\/wp-json\/wp\/v2\/posts\/55721","targetHints":{"allow":["GET"]}}],"collection":[{"href":"https:\/\/www.radiopresidenteibanez.cl\/web\/wp-json\/wp\/v2\/posts"}],"about":[{"href":"https:\/\/www.radiopresidenteibanez.cl\/web\/wp-json\/wp\/v2\/types\/post"}],"author":[{"embeddable":true,"href":"https:\/\/www.radiopresidenteibanez.cl\/web\/wp-json\/wp\/v2\/users\/2"}],"replies":[{"embeddable":true,"href":"https:\/\/www.radiopresidenteibanez.cl\/web\/wp-json\/wp\/v2\/comments?post=55721"}],"version-history":[{"count":0,"href":"https:\/\/www.radiopresidenteibanez.cl\/web\/wp-json\/wp\/v2\/posts\/55721\/revisions"}],"wp:featuredmedia":[{"embeddable":true,"href":"https:\/\/www.radiopresidenteibanez.cl\/web\/wp-json\/wp\/v2\/media\/55722"}],"wp:attachment":[{"href":"https:\/\/www.radiopresidenteibanez.cl\/web\/wp-json\/wp\/v2\/media?parent=55721"}],"wp:term":[{"taxonomy":"category","embeddable":true,"href":"https:\/\/www.radiopresidenteibanez.cl\/web\/wp-json\/wp\/v2\/categories?post=55721"},{"taxonomy":"post_tag","embeddable":true,"href":"https:\/\/www.radiopresidenteibanez.cl\/web\/wp-json\/wp\/v2\/tags?post=55721"}],"curies":[{"name":"wp","href":"https:\/\/api.w.org\/{rel}","templated":true}]}}