{"id":55718,"date":"2025-04-15T16:43:00","date_gmt":"2025-04-15T19:43:00","guid":{"rendered":"https:\/\/www.radiopresidenteibanez.cl\/web\/?p=55718"},"modified":"2025-04-15T11:48:44","modified_gmt":"2025-04-15T14:48:44","slug":"subsecretaria-rios-encabeza-entrega-de-fondeporte-a-organizaciones-deportivas-de-magallanes","status":"publish","type":"post","link":"https:\/\/www.radiopresidenteibanez.cl\/web\/subsecretaria-rios-encabeza-entrega-de-fondeporte-a-organizaciones-deportivas-de-magallanes\/","title":{"rendered":"SUBSECRETARIA R\u00cdOS ENCABEZA ENTREGA DE FONDEPORTE A ORGANIZACIONES DEPORTIVAS DE MAGALLANES"},"content":{"rendered":"\n<p>La subsecretaria del Deporte, Emilia R\u00edos Saavedra, visit\u00f3 a la regi\u00f3n de Magallanes con el fin de presidir la entrega del Fondo Nacional para el Fomento del Deporte (FonDeporte), que financiar\u00e1 proyectos de organizaciones deportivas y servicios p\u00fablicos.<\/p>\n\n\n\n<p>Esta edici\u00f3n de FonDeporte contempla un presupuesto total de m\u00e1s de 86 millones de pesos, que abarcar\u00e1 a diversas disciplinas, tales como b\u00e1squetbol, v\u00f3leibol, nataci\u00f3n, triatl\u00f3n, yoga, tenis de mesa, gimnasia r\u00edtmica, balonmano y f\u00fatbol.<\/p>\n\n\n\n<p>En la ocasi\u00f3n, la subsecretaria fue acompa\u00f1ada por el seremi del Deporte de la regi\u00f3n, Alejandro Olate Levet y por el director regional del Instituto Nacional de Deportes, H\u00e9ctor Serka Kusanovic, adem\u00e1s de representantes de las distintas organizaciones deportivas de la regi\u00f3n de Magallanes que se adjudicaron este fondo.<\/p>\n\n\n\n<p>La subsecretaria Emilia R\u00edos se\u00f1al\u00f3 que \u201cel deporte est\u00e1 tomando un rol protag\u00f3nico en la sociedad, en instancias en que la comunidad participa en iniciativas que beneficiar\u00e1n a 18 organizaciones deportivas de Magallanes, con un universo de m\u00e1s de mil personas\u201d.<\/p>\n\n\n\n<p>\u201cEl deporte es una herramienta de transformaci\u00f3n social. Las personas pueden formarse en valores, adquirir conocimientos para el desarrollo de su vida. Esto es muy importante, porque permite a las organizaciones cumplir objetivos a trav\u00e9s de proyectos que influyen en el crecimiento del pa\u00eds\u201d, a\u00f1adi\u00f3 la autoridad del Deporte.<\/p>\n\n\n\n<p><strong>Pol\u00edtica Nacional de Actividad F\u00edsica y Deporte<\/strong><\/p>\n\n\n\n<p>Posteriormente, la subsecretaria se traslad\u00f3 hasta el Complejo Deportivo 18 de Septiembre de Punta Arenas, para encabezar un Di\u00e1logo de Retroalimentaci\u00f3n sobre los alcances que tendr\u00e1 la nueva Pol\u00edtica Nacional de Actividad F\u00edsica y Deporte, que tiene como objetivo determinar lo lineamientos para la formaci\u00f3n de deportistas, y fortalecer el trabajo de atletas de alto rendimiento para los pr\u00f3ximos tres ciclos ol\u00edmpicos.<\/p>\n\n\n\n<p>En esta instancia, organizaciones deportivas, junto a autoridades y un panel de expertos, se suma a las convocatorias que involucran a diversos sectores de todas las regiones del pa\u00eds, recopilando 23.273 opiniones mediante 114 di\u00e1logos presenciales y 5 consultas virtuales en 344 comunas.<\/p>\n\n\n\n<p><strong>Programas Regionales e Infraestructura<\/strong><\/p>\n\n\n\n<p>Como parte de la vista a la regi\u00f3n de Magallanes, la autoridad de la cartera de Deportes, visit\u00f3 las instalaciones del Complejo Deportivo Fiscal de Punta Arenas, donde comparti\u00f3 con usuarias y usuarios de los Programas Crecer en Movimiento (CEM) y Deporte y Participaci\u00f3n Social (DPS), como tambi\u00e9n de Promesas Chile, adem\u00e1s de recorrer y destacar la infraestructura que alberga distintas disciplinas deportivas y de actividad f\u00edsica para personas de todas las edades.<\/p>\n\n\n\n<p>\u201cLa agenda de Deportes es bastante clara. Busca generar un c\u00edrculo virtuoso, teniendo proyectos de infraestructura, y que en regiones como Magallanes, donde el clima es m\u00e1s complejo y desafiante, es m\u00e1s importante a\u00fan. Es un desaf\u00edo que hemos tomado y que debemos seguir profundizando en los pr\u00f3ximos a\u00f1os para facilitar la pr\u00e1ctica deportiva\u201d, destac\u00f3 la subsecretaria.<\/p>\n\n\n\n<p>\u201cEn particular, para la regi\u00f3n de Magallanes, estamos por inaugurar un nuevo gimnasio en Porvenir, estamos trabajando en nueva infraestructura y mejorar la existente para contar con un deporte m\u00e1s competitivo, a trav\u00e9s de la participaci\u00f3n social y con \u00e9nfasis en la formaci\u00f3n\u201d, sentenci\u00f3 la autoridad.<\/p>\n","protected":false},"excerpt":{"rendered":"<p>La subsecretaria del Deporte, Emilia R\u00edos Saavedra, visit\u00f3 a la regi\u00f3n de Magallanes con el fin de presidir la entrega del Fondo Nacional para el Fomento del Deporte (FonDeporte), que&#8230; <a class=\"read-more\" href=\"https:\/\/www.radiopresidenteibanez.cl\/web\/subsecretaria-rios-encabeza-entrega-de-fondeporte-a-organizaciones-deportivas-de-magallanes\/\">Leer m\u00e1s<\/a><\/p>\n","protected":false},"author":2,"featured_media":55719,"comment_status":"closed","ping_status":"closed","sticky":false,"template":"","format":"standard","meta":{"footnotes":""},"categories":[1],"tags":[],"class_list":["post-55718","post","type-post","status-publish","format-standard","has-post-thumbnail","hentry","category-cronica"],"_links":{"self":[{"href":"https:\/\/www.radiopresidenteibanez.cl\/web\/wp-json\/wp\/v2\/posts\/55718","targetHints":{"allow":["GET"]}}],"collection":[{"href":"https:\/\/www.radiopresidenteibanez.cl\/web\/wp-json\/wp\/v2\/posts"}],"about":[{"href":"https:\/\/www.radiopresidenteibanez.cl\/web\/wp-json\/wp\/v2\/types\/post"}],"author":[{"embeddable":true,"href":"https:\/\/www.radiopresidenteibanez.cl\/web\/wp-json\/wp\/v2\/users\/2"}],"replies":[{"embeddable":true,"href":"https:\/\/www.radiopresidenteibanez.cl\/web\/wp-json\/wp\/v2\/comments?post=55718"}],"version-history":[{"count":0,"href":"https:\/\/www.radiopresidenteibanez.cl\/web\/wp-json\/wp\/v2\/posts\/55718\/revisions"}],"wp:featuredmedia":[{"embeddable":true,"href":"https:\/\/www.radiopresidenteibanez.cl\/web\/wp-json\/wp\/v2\/media\/55719"}],"wp:attachment":[{"href":"https:\/\/www.radiopresidenteibanez.cl\/web\/wp-json\/wp\/v2\/media?parent=55718"}],"wp:term":[{"taxonomy":"category","embeddable":true,"href":"https:\/\/www.radiopresidenteibanez.cl\/web\/wp-json\/wp\/v2\/categories?post=55718"},{"taxonomy":"post_tag","embeddable":true,"href":"https:\/\/www.radiopresidenteibanez.cl\/web\/wp-json\/wp\/v2\/tags?post=55718"}],"curies":[{"name":"wp","href":"https:\/\/api.w.org\/{rel}","templated":true}]}}