{"id":55715,"date":"2025-04-15T15:13:00","date_gmt":"2025-04-15T18:13:00","guid":{"rendered":"https:\/\/www.radiopresidenteibanez.cl\/web\/?p=55715"},"modified":"2025-04-15T11:34:27","modified_gmt":"2025-04-15T14:34:27","slug":"comunidad-de-porvenir-conocio-diseno-del-mejoramiento-de-los-bandejones-de-avenida-hernando-de-magallanes","status":"publish","type":"post","link":"https:\/\/www.radiopresidenteibanez.cl\/web\/comunidad-de-porvenir-conocio-diseno-del-mejoramiento-de-los-bandejones-de-avenida-hernando-de-magallanes\/","title":{"rendered":"Comunidad de Porvenir conoci\u00f3 dise\u00f1o del mejoramiento de los bandejones de avenida Hernando de Magallanes"},"content":{"rendered":"\n<p>Muy agradecidos con el dise\u00f1o para mejorar los bandejones centrales de la avenida Hernando de Magallanes, entre las calles Jorge Schythe y John Williams, quedaron los vecinos y autoridades comunales de Porvenir, tras las presentaciones que realiz\u00f3 Serviu, a trav\u00e9s de la consultora Patagonia Arqing, del proyecto de dise\u00f1o para el mejoramiento de dichos espacios p\u00fablicos.<\/p>\n\n\n\n<p>Se trata de la habilitaci\u00f3n de siete bandejones de la \u00fanica avenida de la comuna y que es la entrada a la ciudad, desde la ruta Y 65 Porvenir-Manantiales y cuyo dise\u00f1o fue trabajado luego de dos instancias participativas realizadas en julio y octubre de 2024. En estas jornadas, la comunidad reconoci\u00f3 que era necesario mejorar la seguridad vial del sector, incluir mobiliario urbano, m\u00e1quinas de ejercicios y juegos infantiles, representar la identidad local con referencias a la cultura Selknam, incluir estacionamientos por los recintos educacionales que se ubican en el sector y que considere la proyecci\u00f3n tur\u00edstica, al ser una puerta de entrada a la comuna, desde el lado norte de la isla de Tierra del Fuego.<\/p>\n\n\n\n<p>Como resultado de estas acciones participativas, la propuesta arquitect\u00f3nica, presentada por la consultora a cargo del dise\u00f1o del proyecto, considera un paseo central, con accesibilidad universal, \u00e1reas verdes a ambos extremos con c\u00e9sped, flores y especies arb\u00f3reas a lo largo de los siete bandejones. Adem\u00e1s, contar\u00e1 con espacios de permanencia, con mesas y asientos, juegos infantiles, cercos de seguridad, monolitos con infograf\u00eda, hitos hist\u00f3ricos, entre otros, distribuidos en los bandejones que en promedio tienen 10 metros de ancho. El dise\u00f1o tambi\u00e9n considera la intervenci\u00f3n de la calle Mu\u00f1oz Gamero, a la altura del Liceo Hernando de Magallanes, con estacionamientos, circuito de calistenia y refugio de espera.<\/p>\n\n\n\n<p>Una vez finalizado el proyecto de dise\u00f1o, la Seremi de Vivienda y Urbanismo realizar\u00e1 las gestiones para obtener recursos para la ejecuci\u00f3n.<\/p>\n","protected":false},"excerpt":{"rendered":"<p>Muy agradecidos con el dise\u00f1o para mejorar los bandejones centrales de la avenida Hernando de Magallanes, entre las calles Jorge Schythe y John Williams, quedaron los vecinos y autoridades comunales&#8230; <a class=\"read-more\" href=\"https:\/\/www.radiopresidenteibanez.cl\/web\/comunidad-de-porvenir-conocio-diseno-del-mejoramiento-de-los-bandejones-de-avenida-hernando-de-magallanes\/\">Leer m\u00e1s<\/a><\/p>\n","protected":false},"author":2,"featured_media":55716,"comment_status":"closed","ping_status":"closed","sticky":false,"template":"","format":"standard","meta":{"footnotes":""},"categories":[1],"tags":[],"class_list":["post-55715","post","type-post","status-publish","format-standard","has-post-thumbnail","hentry","category-cronica"],"_links":{"self":[{"href":"https:\/\/www.radiopresidenteibanez.cl\/web\/wp-json\/wp\/v2\/posts\/55715","targetHints":{"allow":["GET"]}}],"collection":[{"href":"https:\/\/www.radiopresidenteibanez.cl\/web\/wp-json\/wp\/v2\/posts"}],"about":[{"href":"https:\/\/www.radiopresidenteibanez.cl\/web\/wp-json\/wp\/v2\/types\/post"}],"author":[{"embeddable":true,"href":"https:\/\/www.radiopresidenteibanez.cl\/web\/wp-json\/wp\/v2\/users\/2"}],"replies":[{"embeddable":true,"href":"https:\/\/www.radiopresidenteibanez.cl\/web\/wp-json\/wp\/v2\/comments?post=55715"}],"version-history":[{"count":0,"href":"https:\/\/www.radiopresidenteibanez.cl\/web\/wp-json\/wp\/v2\/posts\/55715\/revisions"}],"wp:featuredmedia":[{"embeddable":true,"href":"https:\/\/www.radiopresidenteibanez.cl\/web\/wp-json\/wp\/v2\/media\/55716"}],"wp:attachment":[{"href":"https:\/\/www.radiopresidenteibanez.cl\/web\/wp-json\/wp\/v2\/media?parent=55715"}],"wp:term":[{"taxonomy":"category","embeddable":true,"href":"https:\/\/www.radiopresidenteibanez.cl\/web\/wp-json\/wp\/v2\/categories?post=55715"},{"taxonomy":"post_tag","embeddable":true,"href":"https:\/\/www.radiopresidenteibanez.cl\/web\/wp-json\/wp\/v2\/tags?post=55715"}],"curies":[{"name":"wp","href":"https:\/\/api.w.org\/{rel}","templated":true}]}}