{"id":55712,"date":"2025-04-15T11:28:41","date_gmt":"2025-04-15T14:28:41","guid":{"rendered":"https:\/\/www.radiopresidenteibanez.cl\/web\/?p=55712"},"modified":"2025-04-15T11:28:45","modified_gmt":"2025-04-15T14:28:45","slug":"punta-arenas-tiene-campeones-nacionales-en-karate-do-shotokan","status":"publish","type":"post","link":"https:\/\/www.radiopresidenteibanez.cl\/web\/punta-arenas-tiene-campeones-nacionales-en-karate-do-shotokan\/","title":{"rendered":"Punta Arenas tiene campeones Nacionales en karate do shotokan"},"content":{"rendered":"\n<p>Los d\u00edas 12 y 13 de abril en la Localidad de Calera de Tango, Santiago, se disput\u00f3 el Nacional de Karate JKA Kaishi 2025, evento que se celebra de forma anual, y en la que en esta oportunidad una delegaci\u00f3n formada por 5 alumnos del Dojo Samurai Sensei No Te y liderada por el Sensei 2do Dan Jorge Barr\u00eda lograron adjudicarse 6 preseas.<br>El Dojo que en Noviembre del a\u00f1o pasado celebro su primer aniversario, participo por primera vez en dicho evento Nacional, obteniendo una hist\u00f3rica participaci\u00f3n con grandes resultados, d\u00f3nde los 5 alumnos debutaron en este Nacional 2025<br>Los alumnos obtuvieron los siguientes resultados<br>Danae D\u00edaz 1er lugar Kata individual femenino categor\u00eda promocional 11-12 a\u00f1os<br>Vicente Velasquez 4to lugar Kata individual masculino categor\u00eda promocional 11-12 a\u00f1os<br>Matilde Barr\u00eda 3er lugar Kata individual femenino categor\u00eda oficial 14 a\u00f1os<br>Rafael S\u00e1nchez 3er lugar Kumite categor\u00eda 19-20 a\u00f1os<br>Felipe Barr\u00eda 3er lugar Kumite categor\u00eda 19-20 a\u00f1os<br>Sensei Jorge Barr\u00eda 3er lugar Kata masculino individual categor\u00eda 40-45 a\u00f1os<br>Sin duda grandes logros que ponen en alto el nombre del Dojo y la Regi\u00f3n de Magallanes a Nivel Nacional y que incentivan a seguir trabajando para sumar m\u00e1s karatekas para el a\u00f1o 2026 a Nivel competitivo<\/p>\n","protected":false},"excerpt":{"rendered":"<p>Los d\u00edas 12 y 13 de abril en la Localidad de Calera de Tango, Santiago, se disput\u00f3 el Nacional de Karate JKA Kaishi 2025, evento que se celebra de forma&#8230; <a class=\"read-more\" href=\"https:\/\/www.radiopresidenteibanez.cl\/web\/punta-arenas-tiene-campeones-nacionales-en-karate-do-shotokan\/\">Leer m\u00e1s<\/a><\/p>\n","protected":false},"author":2,"featured_media":55713,"comment_status":"closed","ping_status":"closed","sticky":false,"template":"","format":"standard","meta":{"footnotes":""},"categories":[1],"tags":[],"class_list":["post-55712","post","type-post","status-publish","format-standard","has-post-thumbnail","hentry","category-cronica"],"_links":{"self":[{"href":"https:\/\/www.radiopresidenteibanez.cl\/web\/wp-json\/wp\/v2\/posts\/55712","targetHints":{"allow":["GET"]}}],"collection":[{"href":"https:\/\/www.radiopresidenteibanez.cl\/web\/wp-json\/wp\/v2\/posts"}],"about":[{"href":"https:\/\/www.radiopresidenteibanez.cl\/web\/wp-json\/wp\/v2\/types\/post"}],"author":[{"embeddable":true,"href":"https:\/\/www.radiopresidenteibanez.cl\/web\/wp-json\/wp\/v2\/users\/2"}],"replies":[{"embeddable":true,"href":"https:\/\/www.radiopresidenteibanez.cl\/web\/wp-json\/wp\/v2\/comments?post=55712"}],"version-history":[{"count":0,"href":"https:\/\/www.radiopresidenteibanez.cl\/web\/wp-json\/wp\/v2\/posts\/55712\/revisions"}],"wp:featuredmedia":[{"embeddable":true,"href":"https:\/\/www.radiopresidenteibanez.cl\/web\/wp-json\/wp\/v2\/media\/55713"}],"wp:attachment":[{"href":"https:\/\/www.radiopresidenteibanez.cl\/web\/wp-json\/wp\/v2\/media?parent=55712"}],"wp:term":[{"taxonomy":"category","embeddable":true,"href":"https:\/\/www.radiopresidenteibanez.cl\/web\/wp-json\/wp\/v2\/categories?post=55712"},{"taxonomy":"post_tag","embeddable":true,"href":"https:\/\/www.radiopresidenteibanez.cl\/web\/wp-json\/wp\/v2\/tags?post=55712"}],"curies":[{"name":"wp","href":"https:\/\/api.w.org\/{rel}","templated":true}]}}