{"id":5571,"date":"2019-07-05T15:17:59","date_gmt":"2019-07-05T15:17:59","guid":{"rendered":"http:\/\/www.radiopresidenteibanez.cl\/web\/?p=5571"},"modified":"2019-07-05T15:18:41","modified_gmt":"2019-07-05T15:18:41","slug":"director-del-eleam-ramon-lobos-si-la-molestia-o-la-dificultad-la-presenta-mi-persona-y-forma-de-trabajar-estoy-dispuesto-a-dar-un-paso-al-lado","status":"publish","type":"post","link":"https:\/\/www.radiopresidenteibanez.cl\/web\/director-del-eleam-ramon-lobos-si-la-molestia-o-la-dificultad-la-presenta-mi-persona-y-forma-de-trabajar-estoy-dispuesto-a-dar-un-paso-al-lado\/","title":{"rendered":"DIRECTOR DEL ELEAM, RAM\u00d3N LOBOS \u201cSI LA MOLESTIA O LA DIFICULTAD LA PRESENTA MI PERSONA Y FORMA DE TRABAJAR, ESTOY DISPUESTO A DAR UN PASO AL LADO\u201d"},"content":{"rendered":"\n<p>\u201cTal como se lo plante\u00e9 a mis\njefaturas hace unos meses y semanas, lo hago p\u00fablico ahora. Si la molestia o la\ndificultad la presenta mi persona y forma de trabajar, estoy dispuesto a dar un\npaso al lado y salir de all\u00ed, y que sea otro quien conduzca el trabajo del\nServicio de Salud Magallanes en este Eleam\u201d. <\/p>\n\n\n\n<p>Con estas palabras, el m\u00e9dico\ngeriatra, Ram\u00f3n Lobos, quien durante a\u00f1os ha dirigido el Establecimiento de\nLarga Estad\u00eda del Adulto Mayor (Eleam) en Magallanes, expres\u00f3 su sentir\nrespecto a la inminente privatizaci\u00f3n del centro, que ha acogido a cientos de\nadultos mayores de toda la regi\u00f3n.<\/p>\n\n\n\n<p>\u201cLos adultos mayores necesitan\nestabilidad y acompa\u00f1amiento en los cambios y etapas complejas. Lo que sucede\nen el Establecimiento de Larga Estad\u00eda de Magallanes no es justo para nadie y\nmenos para ellos\u201d, puntualiz\u00f3 el especialista, en una misiva dirigida al\nintendente, Jos\u00e9 Fern\u00e1ndez, que tambi\u00e9n hizo p\u00fablica a trav\u00e9s de sus redes\nsociales. <\/p>\n\n\n\n<p>\u201cEn estos momentos, un equipo de\ntrabajo que lidero y dirijo est\u00e1 cumpliendo un rol valorado por los residentes,\npor sus familias y por la comunidad. \u00bfPor qu\u00e9 hacer cambios? \u00bfPor qu\u00e9 modificar\nahora?\u201d, expres\u00f3 Lobos, agregando que \u201cNo me gu\u00edan jam\u00e1s afanes personalistas.\nS\u00f3lo el trabajar y llegar al final del d\u00eda con la conciencia tranquila de un\ntrabajo honesto. Me lo ense\u00f1aron mis padres. Lo vi y lo aprend\u00ed de ellos. Por\neso Se\u00f1or Intendente, y tal como se lo remit\u00ed al momento de asumir su cargo en\nMagallanes, son muchas m\u00e1s acciones y trabajo que faltan por el Adulto Mayor y\nsus necesidades. Cuenta con mi trabajo y aporte donde sea necesario\u201d. <\/p>\n\n\n\n<p>Finalmente, el especialista agradeci\u00f3 al equipo que lo ha acompa\u00f1ado de manera leal y honesta durante su etapa como director del establecimiento.<\/p>\n\n\n\n<figure class=\"wp-block-image\"><img loading=\"lazy\" decoding=\"async\" width=\"900\" height=\"506\" src=\"https:\/\/www.radiopresidenteibanez.cl\/web\/wp-content\/uploads\/2019\/07\/2019-07-05-Ram\u00f3n-Lobos.jpg\" alt=\"\" class=\"wp-image-5572\" srcset=\"https:\/\/www.radiopresidenteibanez.cl\/web\/wp-content\/uploads\/2019\/07\/2019-07-05-Ram\u00f3n-Lobos.jpg 900w, https:\/\/www.radiopresidenteibanez.cl\/web\/wp-content\/uploads\/2019\/07\/2019-07-05-Ram\u00f3n-Lobos-300x169.jpg 300w, https:\/\/www.radiopresidenteibanez.cl\/web\/wp-content\/uploads\/2019\/07\/2019-07-05-Ram\u00f3n-Lobos-768x432.jpg 768w\" sizes=\"auto, (max-width: 900px) 100vw, 900px\" \/><\/figure>\n","protected":false},"excerpt":{"rendered":"<p>\u201cTal como se lo plante\u00e9 a mis jefaturas hace unos meses y semanas, lo hago p\u00fablico ahora. Si la molestia o la dificultad la presenta mi persona y forma de&#8230; <a class=\"read-more\" href=\"https:\/\/www.radiopresidenteibanez.cl\/web\/director-del-eleam-ramon-lobos-si-la-molestia-o-la-dificultad-la-presenta-mi-persona-y-forma-de-trabajar-estoy-dispuesto-a-dar-un-paso-al-lado\/\">Leer m\u00e1s<\/a><\/p>\n","protected":false},"author":2,"featured_media":5572,"comment_status":"closed","ping_status":"closed","sticky":false,"template":"","format":"standard","meta":{"footnotes":""},"categories":[1],"tags":[],"class_list":["post-5571","post","type-post","status-publish","format-standard","has-post-thumbnail","hentry","category-cronica"],"_links":{"self":[{"href":"https:\/\/www.radiopresidenteibanez.cl\/web\/wp-json\/wp\/v2\/posts\/5571","targetHints":{"allow":["GET"]}}],"collection":[{"href":"https:\/\/www.radiopresidenteibanez.cl\/web\/wp-json\/wp\/v2\/posts"}],"about":[{"href":"https:\/\/www.radiopresidenteibanez.cl\/web\/wp-json\/wp\/v2\/types\/post"}],"author":[{"embeddable":true,"href":"https:\/\/www.radiopresidenteibanez.cl\/web\/wp-json\/wp\/v2\/users\/2"}],"replies":[{"embeddable":true,"href":"https:\/\/www.radiopresidenteibanez.cl\/web\/wp-json\/wp\/v2\/comments?post=5571"}],"version-history":[{"count":0,"href":"https:\/\/www.radiopresidenteibanez.cl\/web\/wp-json\/wp\/v2\/posts\/5571\/revisions"}],"wp:featuredmedia":[{"embeddable":true,"href":"https:\/\/www.radiopresidenteibanez.cl\/web\/wp-json\/wp\/v2\/media\/5572"}],"wp:attachment":[{"href":"https:\/\/www.radiopresidenteibanez.cl\/web\/wp-json\/wp\/v2\/media?parent=5571"}],"wp:term":[{"taxonomy":"category","embeddable":true,"href":"https:\/\/www.radiopresidenteibanez.cl\/web\/wp-json\/wp\/v2\/categories?post=5571"},{"taxonomy":"post_tag","embeddable":true,"href":"https:\/\/www.radiopresidenteibanez.cl\/web\/wp-json\/wp\/v2\/tags?post=5571"}],"curies":[{"name":"wp","href":"https:\/\/api.w.org\/{rel}","templated":true}]}}