{"id":55709,"date":"2025-04-15T13:12:00","date_gmt":"2025-04-15T16:12:00","guid":{"rendered":"https:\/\/www.radiopresidenteibanez.cl\/web\/?p=55709"},"modified":"2025-04-15T11:23:26","modified_gmt":"2025-04-15T14:23:26","slug":"magallanes-se-prepara-para-su-1-encuentro-de-innovacion-horticola-un-espacio-para-cultivar-futuro","status":"publish","type":"post","link":"https:\/\/www.radiopresidenteibanez.cl\/web\/magallanes-se-prepara-para-su-1-encuentro-de-innovacion-horticola-un-espacio-para-cultivar-futuro\/","title":{"rendered":"Magallanes se prepara para su 1\u00b0 Encuentro de Innovaci\u00f3n Hort\u00edcola: Un espacio para cultivar futuro"},"content":{"rendered":"\n<p>Autoridades regionales e integrantes del Programa PTI AgroAlimentos de Corfo, dieron a conocer los detalles del Primer Encuentro de Innovaci\u00f3n Hort\u00edcola de la Regi\u00f3n de Magallanes y de la Ant\u00e1rtica Chilena, que se realizar\u00e1 el pr\u00f3ximo 29 de abril a las 9:00 horas en el Centro de Eventos El Arriero, ubicado en Manantiales #759, Punta Arenas.<\/p>\n\n\n\n<p>La actividad fue presentada en un punto de prensa encabezado por la Seremi de Agricultura, Irene Ram\u00edrez, la directora regional de Corfo, Mar\u00eda Jos\u00e9 Navajas, el gestor del programa PTI Agroalimentos, Luis Obando, y la presidenta del CAR y horticultora, Patricia Delgado, quienes destacaron la importancia de este evento para el desarrollo agr\u00edcola regional.<\/p>\n\n\n\n<p>El encuentro se enmarca en el Programa Territorial Integrado (PTI) Agroalimentos de Corfo y busca posicionarse como una instancia clave para impulsar la innovaci\u00f3n, el desarrollo sostenible y la colaboraci\u00f3n en el sector hort\u00edcola local.<\/p>\n\n\n\n<p>La seremi de Agricultura, Irene Ram\u00edrez destac\u00f3 que este primer encuentro de innovaci\u00f3n hort\u00edcola en la Regi\u00f3n de Magallanes busca reunir a destacados expositores del sector hort\u00edcola, investigadores, expertos y empresas comprometidas con la innovaci\u00f3n y representa una oportunidad \u00fanica para conectarse, aprender e inspirarse en el marco de la innovaci\u00f3n hort\u00edcola. \u201cConvocaremos a todos los actores interesados \u200b\u200ben innovar, mejorar sus invernaderos e incorporar tecnolog\u00eda de vanguardia. Contaremos con la participaci\u00f3n de expositores de M\u00e9xico, Chile y la Regi\u00f3n de Magallanes, quienes compartir\u00e1n sus experiencias y conocimientos, fomentando la colaboraci\u00f3n y el desarrollo de cadenas productivas m\u00e1s s\u00f3lidas\u201d.<\/p>\n\n\n\n<p>Por su parte la directora regional de Corfo, Mar\u00eda Jos\u00e9 Navajas destac\u00f3 <strong>\u201cDesde Corfo impulsamos espacios de articulaci\u00f3n como el PTI de Agroalimentos para unir esfuerzos p\u00fablicos y privados en torno a una misma hoja de ruta. Nuestro objetivo principal es evitar duplicidades, optimizar recursos y fomentar un crecimiento coordinado que agregue valor a la producci\u00f3n local. Hoy m\u00e1s que nunca necesitamos avanzar hacia la soberan\u00eda alimentaria, y eso implica innovar, conectar a nuestros agricultores con nuevos mercados \u2014como hoteles, restaurantes o incluso bases cient\u00edficas ant\u00e1rticas\u2014 y hacer del sector un motor econ\u00f3mico atractivo. Este tipo de iniciativas permiten visualizar un futuro productivo y sustentable para la regi\u00f3n, donde la innovaci\u00f3n y los encadenamientos productivos sean el eje del desarrollo\u201d,<\/strong><strong> <\/strong>expres\u00f3 <strong>la <\/strong>directora regional de Corfo.<\/p>\n","protected":false},"excerpt":{"rendered":"<p>Autoridades regionales e integrantes del Programa PTI AgroAlimentos de Corfo, dieron a conocer los detalles del Primer Encuentro de Innovaci\u00f3n Hort\u00edcola de la Regi\u00f3n de Magallanes y de la Ant\u00e1rtica&#8230; <a class=\"read-more\" href=\"https:\/\/www.radiopresidenteibanez.cl\/web\/magallanes-se-prepara-para-su-1-encuentro-de-innovacion-horticola-un-espacio-para-cultivar-futuro\/\">Leer m\u00e1s<\/a><\/p>\n","protected":false},"author":2,"featured_media":55710,"comment_status":"closed","ping_status":"closed","sticky":false,"template":"","format":"standard","meta":{"footnotes":""},"categories":[1],"tags":[],"class_list":["post-55709","post","type-post","status-publish","format-standard","has-post-thumbnail","hentry","category-cronica"],"_links":{"self":[{"href":"https:\/\/www.radiopresidenteibanez.cl\/web\/wp-json\/wp\/v2\/posts\/55709","targetHints":{"allow":["GET"]}}],"collection":[{"href":"https:\/\/www.radiopresidenteibanez.cl\/web\/wp-json\/wp\/v2\/posts"}],"about":[{"href":"https:\/\/www.radiopresidenteibanez.cl\/web\/wp-json\/wp\/v2\/types\/post"}],"author":[{"embeddable":true,"href":"https:\/\/www.radiopresidenteibanez.cl\/web\/wp-json\/wp\/v2\/users\/2"}],"replies":[{"embeddable":true,"href":"https:\/\/www.radiopresidenteibanez.cl\/web\/wp-json\/wp\/v2\/comments?post=55709"}],"version-history":[{"count":0,"href":"https:\/\/www.radiopresidenteibanez.cl\/web\/wp-json\/wp\/v2\/posts\/55709\/revisions"}],"wp:featuredmedia":[{"embeddable":true,"href":"https:\/\/www.radiopresidenteibanez.cl\/web\/wp-json\/wp\/v2\/media\/55710"}],"wp:attachment":[{"href":"https:\/\/www.radiopresidenteibanez.cl\/web\/wp-json\/wp\/v2\/media?parent=55709"}],"wp:term":[{"taxonomy":"category","embeddable":true,"href":"https:\/\/www.radiopresidenteibanez.cl\/web\/wp-json\/wp\/v2\/categories?post=55709"},{"taxonomy":"post_tag","embeddable":true,"href":"https:\/\/www.radiopresidenteibanez.cl\/web\/wp-json\/wp\/v2\/tags?post=55709"}],"curies":[{"name":"wp","href":"https:\/\/api.w.org\/{rel}","templated":true}]}}