{"id":55702,"date":"2025-04-15T10:40:51","date_gmt":"2025-04-15T13:40:51","guid":{"rendered":"https:\/\/www.radiopresidenteibanez.cl\/web\/?p=55702"},"modified":"2025-04-15T10:49:36","modified_gmt":"2025-04-15T13:49:36","slug":"encuentro-intergeneracional-destaca-valores-humanitarios-de-rotary-en-punta-arenas","status":"publish","type":"post","link":"https:\/\/www.radiopresidenteibanez.cl\/web\/encuentro-intergeneracional-destaca-valores-humanitarios-de-rotary-en-punta-arenas\/","title":{"rendered":"Encuentro Intergeneracional destaca valores humanitarios de Rotary en Punta Arenas"},"content":{"rendered":"\n<p>Con el prop\u00f3sito de fortalecer lazos y compartir experiencias entre distintas generaciones,<br>delegaciones de Rotary Internacional se reunieron en Punta Arenas en una jornada<br>marcada por el reconocimiento al compromiso y la vocaci\u00f3n de servicio. El evento,<br>enmarcado en la entrega del tradicional Trofeo de la Amistad del Distrito 4355, que abarca<br>desde Cauquenes hasta Puerto Williams, permiti\u00f3 destacar el legado rotario y proyectar sus<br>valores hacia las nuevas generaciones.<br>Uno de los momentos m\u00e1s emotivos de la jornada fue la distinci\u00f3n a Roberto Neracher<br>Razmilic, quien cumpli\u00f3 50 a\u00f1os de servicio en la instituci\u00f3n. Exgobernador del distrito y<br>figura clave en la organizaci\u00f3n, Neracher recibi\u00f3 el reconocimiento de sus pares en una<br>ceremonia encabezada por el presidente de Rotary Club Punta Arenas, Nelson C\u00e1rcamo<br>Barrera. Tambi\u00e9n estuvieron presentes la presidenta del Rotary Club Terke Aonik, Alida<br>Platero, la socia Magda Esbry y la presidenta del Comit\u00e9 de Damas, Alicia Bonardi.<br>Sin ocultar su emoci\u00f3n, Neracher agradeci\u00f3 el homenaje, rememorando sus inicios en<br>Rotary y el impacto que la organizaci\u00f3n ha tenido en su vida. Adem\u00e1s, reafirm\u00f3 su<br>compromiso con la labor rotaria, destacando la importancia de seguir promoviendo acciones<br>solidarias y humanitarias en la comunidad.<br>J\u00f3venes l\u00edderes y el futuro de Rotary<br>La jornada no solo fue un reconocimiento al pasado y presente del Rotary, sino tambi\u00e9n una<br>ventana hacia el futuro. Estudiantes de distintos establecimientos educativos de Magallanes<br>participaron activamente en el encuentro, conociendo de cerca la misi\u00f3n y valores de la<br>organizaci\u00f3n.<br>Entre ellos, destac\u00f3 la presencia de Juli\u00e1n Bahamonde, del Liceo San Jos\u00e9; Victoria<br>Maureira, del Colegio Alem\u00e1n; y Basti\u00e1n Sanhueza, presidente del Centro de Alumnos del<br>Colegio Punta Arenas. Tambi\u00e9n se sum\u00f3, de manera remota, Tom\u00e1s Fern\u00e1ndez, estudiante<br>de Filosof\u00eda de la Universidad Cat\u00f3lica de Temuco, quien previamente hab\u00eda ofrecido una<br>charla sobre \u00e9tica a miembros de la fundaci\u00f3n.<br>Los j\u00f3venes expresaron su gratitud por la oportunidad de conocer el trabajo de Rotary,<br>valorando la posibilidad de aportar con nuevas ideas y fortalecer el compromiso social en<br>sus comunidades.<br>Nuevas generaciones con vocaci\u00f3n de servicio<br>El encuentro permiti\u00f3 resaltar el liderazgo juvenil en la regi\u00f3n. Victoria Isabel Maureira Roa,<br>estudiante de tercer a\u00f1o medio del Colegio Alem\u00e1n, es un claro ejemplo de este esp\u00edritu.<br>Fundadora del Consejo Estudiantil de Magallanes, talentosa cantante e involucrada en<br>diversas iniciativas culturales, Victoria ha demostrado liderazgo y compromiso social desde<br>temprana edad. Su experiencia en intercambios internacionales le ha permitido ampliar su<br>visi\u00f3n y proyectar mejoras para los j\u00f3venes de la regi\u00f3n.<\/p>\n\n\n\n<p>Por su parte, Basti\u00e1n Loed Sanhueza Vargas, alumno de cuarto medio del Colegio Punta<br>Arenas, no solo lidera el Centro de Estudiantes de su colegio, sino que tambi\u00e9n es<br>presidente del Consejo Consultivo Comunal de Ni\u00f1os, Ni\u00f1as y Adolescentes y miembro del<br>Consejo Consultivo Nacional. Con una destacada trayectoria en el servicio comunitario,<br>forma parte de la Brigada Juvenil de la 7\u00aa Compa\u00f1\u00eda de Bomberos y ha impulsado<br>iniciativas como ferias vocacionales para estudiantes.<br>Finalmente, Tom\u00e1s Fern\u00e1ndez Baeza, exalumno del Liceo Luis Alberto Barrera y actual<br>estudiante en la Universidad Cat\u00f3lica de Temuco, es un ejemplo de autodidacta y<br>perseverancia. Desde su participaci\u00f3n en competencias de rob\u00f3tica hasta su formaci\u00f3n<br>musical, su historia refleja el impacto de la determinaci\u00f3n y el esfuerzo personal.<br>A trav\u00e9s de estas historias y de encuentros como este, Rotary Internacional reafirma su<br>compromiso con el servicio humanitario, impulsando el trabajo intergeneracional y<br>motivando a los j\u00f3venes a asumir un rol activo en la sociedad. La semilla de la solidaridad y<br>el liderazgo ya est\u00e1 sembrada en Magallanes.<\/p>\n","protected":false},"excerpt":{"rendered":"<p>Con el prop\u00f3sito de fortalecer lazos y compartir experiencias entre distintas generaciones,delegaciones de Rotary Internacional se reunieron en Punta Arenas en una jornadamarcada por el reconocimiento al compromiso y la&#8230; <a class=\"read-more\" href=\"https:\/\/www.radiopresidenteibanez.cl\/web\/encuentro-intergeneracional-destaca-valores-humanitarios-de-rotary-en-punta-arenas\/\">Leer m\u00e1s<\/a><\/p>\n","protected":false},"author":2,"featured_media":55705,"comment_status":"closed","ping_status":"closed","sticky":false,"template":"","format":"standard","meta":{"footnotes":""},"categories":[1],"tags":[],"class_list":["post-55702","post","type-post","status-publish","format-standard","has-post-thumbnail","hentry","category-cronica"],"_links":{"self":[{"href":"https:\/\/www.radiopresidenteibanez.cl\/web\/wp-json\/wp\/v2\/posts\/55702","targetHints":{"allow":["GET"]}}],"collection":[{"href":"https:\/\/www.radiopresidenteibanez.cl\/web\/wp-json\/wp\/v2\/posts"}],"about":[{"href":"https:\/\/www.radiopresidenteibanez.cl\/web\/wp-json\/wp\/v2\/types\/post"}],"author":[{"embeddable":true,"href":"https:\/\/www.radiopresidenteibanez.cl\/web\/wp-json\/wp\/v2\/users\/2"}],"replies":[{"embeddable":true,"href":"https:\/\/www.radiopresidenteibanez.cl\/web\/wp-json\/wp\/v2\/comments?post=55702"}],"version-history":[{"count":0,"href":"https:\/\/www.radiopresidenteibanez.cl\/web\/wp-json\/wp\/v2\/posts\/55702\/revisions"}],"wp:featuredmedia":[{"embeddable":true,"href":"https:\/\/www.radiopresidenteibanez.cl\/web\/wp-json\/wp\/v2\/media\/55705"}],"wp:attachment":[{"href":"https:\/\/www.radiopresidenteibanez.cl\/web\/wp-json\/wp\/v2\/media?parent=55702"}],"wp:term":[{"taxonomy":"category","embeddable":true,"href":"https:\/\/www.radiopresidenteibanez.cl\/web\/wp-json\/wp\/v2\/categories?post=55702"},{"taxonomy":"post_tag","embeddable":true,"href":"https:\/\/www.radiopresidenteibanez.cl\/web\/wp-json\/wp\/v2\/tags?post=55702"}],"curies":[{"name":"wp","href":"https:\/\/api.w.org\/{rel}","templated":true}]}}