{"id":55699,"date":"2025-04-15T09:41:00","date_gmt":"2025-04-15T12:41:00","guid":{"rendered":"https:\/\/www.radiopresidenteibanez.cl\/web\/?p=55699"},"modified":"2025-04-15T08:27:43","modified_gmt":"2025-04-15T11:27:43","slug":"core-aprueba-mejoramiento-del-terminal-de-pasajerosde-prat-incluye-centro-de-eventos","status":"publish","type":"post","link":"https:\/\/www.radiopresidenteibanez.cl\/web\/core-aprueba-mejoramiento-del-terminal-de-pasajerosde-prat-incluye-centro-de-eventos\/","title":{"rendered":"CORE APRUEBA MEJORAMIENTO DEL TERMINAL DE PASAJEROSDE PRAT: INCLUYE CENTRO DE EVENTOS"},"content":{"rendered":"\n<p>El convenio que el Gobierno Regional de Magallanes y de la Ant\u00e1rtica Chilena firm\u00f3 con la Empresa Portuaria Austral (EPA) sum\u00f3 un nuevo cap\u00edtulo:<br>el Consejo Regional aprob\u00f3 el financiamiento para el proyecto \u00abConstrucci\u00f3n Nuevo<br>Terminal de Pasajeros Muelle Prat, Punta Arenas\u00bb.<br>La iniciativa, que se encuentra enmarcada en el convenio \u00abMejorando el Sistema Portuario<br>para potenciar el Desarrollo de Magallanes y de la Ant\u00e1rtica Chilena\u00bb, tuvo la venia<br>un\u00e1nime de los representantes de la regi\u00f3n e implica un monto total de M$8.686.102 (con<br>cargo al Presupuesto de Inversi\u00f3n Regional del a\u00f1o presupuestario 2025), con un<br>financiamiento por parte de EPA de M$7.037.<br>El Gobernador Jorge Flies A\u00f1\u00f3n calific\u00f3 el sufragio como una se\u00f1al de una necesidad local:<br>\u00abNecesitamos, hist\u00f3ricamente, mejorar nuestra condici\u00f3n portuaria\u00bb.<br>En funci\u00f3n de lo anterior, la m\u00e1xima autoridad local record\u00f3 los tres grandes proyectos que<br>el mismo convenio contempla y que fue reforzado en esta jornada de votaci\u00f3n: el de muelle<br>Mardones; la extensi\u00f3n del Muelle Prat y la mejora del recinto de recepci\u00f3n de pasajeros,<br>que \u00abse convierte en una sala de eventos o de Congreso para la ciudad de Punta Arenas\u00bb,<br>acot\u00f3 Flies sobre lo \u00faltimo.<br>Luego precis\u00f3: \u00abTanto las gr\u00faas como el centro de eventos son parte del aporte del<br>Gobierno Regional dentro de este convenio, que es de m\u00e1s de $40 mil millones. Hoy<br>aprobamos la recepci\u00f3n de pasajeros que tiene como ventaja para la regi\u00f3n que se<br>transforma tambi\u00e9n en un gran centro de eventos. Es una gran noticia porque nuevamente<br>reforzamos uno de los ejes de Punta Arenas: que es una ciudad puerto\u00bb.<br>Uno de los antecedentes que sirvi\u00f3 para la promoci\u00f3n de esta iniciativa fue la cifra<br>aproximada que personas que entran y salen por el muelle Prat, que bordea los 100 mil<br>pasajeros.<br>Redise\u00f1o<br>Otro de los factores que contempla esta misma iniciativa es el cambio en el borde costero,<br>inicialmente, a modo de ejemplo, para el centro artesanal, y en un futuro pr\u00f3ximo \u00abpara el<br>centro hort\u00edcola que queremos hacer en el exedificio Adelco\u00bb, precis\u00f3 Flies.<br>Surge, entonces, la comparativa, sino referencia, apunt\u00f3 la m\u00e1xima autoridad regional, con<br>otras ciudades-puerto de Chile: \u00abEn muchas ciudades del pa\u00eds, como lo son los puertos de<br>Valpara\u00edso, San Antonio o Iquique, tienen una zona que es p\u00fablica y que permite a los<br>ciudadanos quedar muy cerca del muellaje, de lo que significa la belleza de un puerto y de<br>los buques. Eso hoy en Punta Arenas no pasa y la idea es recuperar esa cercan\u00eda de la ciudad<br>a una que nace desde los puertos\u00bb.<br>\u00abAc\u00e1 tenemos la gran oportunidad, no solamente de ganar un espacio o mejorar la log\u00edstica<br>portuaria, sino de ganar un espacio p\u00fablico para la comunidad\u00bb, cerr\u00f3 el Gobernador.<\/p>\n\n\n\n<p><\/p>\n","protected":false},"excerpt":{"rendered":"<p>El convenio que el Gobierno Regional de Magallanes y de la Ant\u00e1rtica Chilena firm\u00f3 con la Empresa Portuaria Austral (EPA) sum\u00f3 un nuevo cap\u00edtulo:el Consejo Regional aprob\u00f3 el financiamiento para&#8230; <a class=\"read-more\" href=\"https:\/\/www.radiopresidenteibanez.cl\/web\/core-aprueba-mejoramiento-del-terminal-de-pasajerosde-prat-incluye-centro-de-eventos\/\">Leer m\u00e1s<\/a><\/p>\n","protected":false},"author":2,"featured_media":55700,"comment_status":"closed","ping_status":"closed","sticky":false,"template":"","format":"standard","meta":{"footnotes":""},"categories":[1],"tags":[],"class_list":["post-55699","post","type-post","status-publish","format-standard","has-post-thumbnail","hentry","category-cronica"],"_links":{"self":[{"href":"https:\/\/www.radiopresidenteibanez.cl\/web\/wp-json\/wp\/v2\/posts\/55699","targetHints":{"allow":["GET"]}}],"collection":[{"href":"https:\/\/www.radiopresidenteibanez.cl\/web\/wp-json\/wp\/v2\/posts"}],"about":[{"href":"https:\/\/www.radiopresidenteibanez.cl\/web\/wp-json\/wp\/v2\/types\/post"}],"author":[{"embeddable":true,"href":"https:\/\/www.radiopresidenteibanez.cl\/web\/wp-json\/wp\/v2\/users\/2"}],"replies":[{"embeddable":true,"href":"https:\/\/www.radiopresidenteibanez.cl\/web\/wp-json\/wp\/v2\/comments?post=55699"}],"version-history":[{"count":0,"href":"https:\/\/www.radiopresidenteibanez.cl\/web\/wp-json\/wp\/v2\/posts\/55699\/revisions"}],"wp:featuredmedia":[{"embeddable":true,"href":"https:\/\/www.radiopresidenteibanez.cl\/web\/wp-json\/wp\/v2\/media\/55700"}],"wp:attachment":[{"href":"https:\/\/www.radiopresidenteibanez.cl\/web\/wp-json\/wp\/v2\/media?parent=55699"}],"wp:term":[{"taxonomy":"category","embeddable":true,"href":"https:\/\/www.radiopresidenteibanez.cl\/web\/wp-json\/wp\/v2\/categories?post=55699"},{"taxonomy":"post_tag","embeddable":true,"href":"https:\/\/www.radiopresidenteibanez.cl\/web\/wp-json\/wp\/v2\/tags?post=55699"}],"curies":[{"name":"wp","href":"https:\/\/api.w.org\/{rel}","templated":true}]}}