{"id":55693,"date":"2025-04-14T19:39:37","date_gmt":"2025-04-14T22:39:37","guid":{"rendered":"https:\/\/www.radiopresidenteibanez.cl\/web\/?p=55693"},"modified":"2025-04-14T19:39:41","modified_gmt":"2025-04-14T22:39:41","slug":"servinaut-informa-pronostico-regional-maritimo-98","status":"publish","type":"post","link":"https:\/\/www.radiopresidenteibanez.cl\/web\/servinaut-informa-pronostico-regional-maritimo-98\/","title":{"rendered":"SERVINAUT INFORMA: PRON\u00d3STICO REGIONAL MAR\u00cdTIMO"},"content":{"rendered":"\n<p>V\u00e1lido hasta 20:00 horas del martes 15 de abril de 2025.<\/p>\n\n\n\n<p><a href=\"https:\/\/www.latercera.com\/autor\/oscar-guillermo-garreton\"><br><br><\/a><\/p>\n\n\n\n<p><\/p>\n\n\n\n<p><strong>ZONA SIETE (FARO SAN PEDRO A FARO EVANGELISTAS):<\/strong><\/p>\n\n\n\n<p>SITUACI\u00d3N SIN\u00d3PTICA: FRONTAL.<\/p>\n\n\n\n<p>PRON\u00d3STICO: CUBIERTO, VIS 4\/6 KM LLUVIA, VTO NORESTE 25\/30 NDS DISMINUYENDO AL SUR DEL SECTOR 10\/15 NDS, MAR MAREJADA (1.5\/2.0 MT) COMO MAR DE FONDO DEL SURWESTE.<\/p>\n\n\n\n<p><strong>ZONA OCHO (F.EVANGELISTAS A LAT 60 GDS SUR<\/strong>):<\/p>\n\n\n\n<p>SITUACI\u00d3N SINOPTICA: CU\u00d1A A PREFRONTAL.<\/p>\n\n\n\n<p>PRON\u00d3STICO: (F.EVANGELISTAS A LAT. 56 GDS SUR): CUBIERTO A NUBLADO, VIS 10 KM, VTO N\/NE 10\/15 NDS RACHAS 25 NDS, MAR MAREJADA (2.5\/1.5 MT) COMO MAR DE FONDO DEL W\/SW.<\/p>\n\n\n\n<p>(LAT. 56 GDS SUR A LAT. 60 GDS SUR): PARCIAL A NUBLADO, VIS 10 KM, VTO NW\/N 5\/15 NDS, MAR MAREJADA (1.5\/2.5 MT) COMO MAR DE FONDO DEL W\/SW.<\/p>\n\n\n\n<p><strong>ESTRECHO NELSON:<\/strong><\/p>\n\n\n\n<p>CUBIERTO, VIS 6\/10 KM LLOVIZNA, VTO E\/NE 5\/15 NDS, MAR MAREJADILLA (0.5\/1.0 MT) COMO MAR DE FONDO DEL W\/SW.<\/p>\n\n\n\n<p><strong>PUERTO NATALES:<\/strong><\/p>\n\n\n\n<p>PARCIAL A NUBLADO, VIS 10 KM, VTO CALMA, MAR LLANA EN BAH\u00cdA.<\/p>\n\n\n\n<p>TEMPERATURA M\u00c1XIMA PROBABLE : 11.0 \u00b0C.<\/p>\n\n\n\n<p><strong>PASO TAMAR<\/strong>:<\/p>\n\n\n\n<p>NUBLADO, VIS 10 KM, VTO E\/NE ROLANDO AL E\/SE 5\/10 NDS, MAR RIZADA A MAREJADILLA (0.2\/0.8 MT).<\/p>\n\n\n\n<p><strong>FARO F\u00c9LIX A CABO FROWARD:<\/strong><\/p>\n\n\n\n<p>PARCIAL A CUBIERTO, VIS 10 KM, VTO CALMA A E\/SE 5\/10 NDS, MAR RIZADA (0.2\/0.5 MT).<\/p>\n\n\n\n<p><strong>CABO FROWARD A PUNTA DELGADA:<\/strong><\/p>\n\n\n\n<p>PARCIAL A NUBLADO, VIS 10 KM, VTO CALMA A NE\/E 5\/10 NDS, MAR RIZADA A MAREJADILLA (0.2\/0.8 MT).<\/p>\n\n\n\n<p><strong>PUNTA ARENAS:<\/strong><\/p>\n\n\n\n<p>PARCIAL A NUBLADO, VIS 10 KM, VTO CALMA A SE\/S 5\/10 NDS, MAR LLANA A RIZADA EN BAH\u00cdA CON ROMPIENTE EN BORDE COSTERO.<\/p>\n\n\n\n<p>TEMPERATURA M\u00c1XIMA PROBABLE : 11.0 \u00b0C.<\/p>\n\n\n\n<p>INDICE DE RADIACI\u00d3N ULTRAVIOLETA : 2 BAJO (FUENTE USACH).<\/p>\n\n\n\n<p><strong>PUNTA DELGADA A PUNTA DUNGENESS:<\/strong><\/p>\n\n\n\n<p>PARCIAL, VIS 10 KM, VTO N\/NE 10\/15 NDS RACHAS 25 NDS, MAR RIZADA A MAREJADILLA (0.2\/0.8 MT).<\/p>\n\n\n\n<p><strong>CANAL BRECKNOCK:<\/strong><\/p>\n\n\n\n<p>NUBLADO, VIS 10 KM, VTO NORESTE 10\/15 NDS, MAR MAREJADA A MAREJADILLA (1.5\/0.5 MT) COMO MAR DE FONDO DEL W\/SW.<\/p>\n\n\n\n<p><strong>TIMBALES A PUERTO NAVARINO:<\/strong><\/p>\n\n\n\n<p>PARCIAL, VIS 10 KM, VTO CALMA A N\/NE 2\/6 NDS, MAR LLANA (0.1 MT).<\/p>\n\n\n\n<p><strong>PUERTO NAVARINO A ISLA NUEVA:<\/strong><\/p>\n\n\n\n<p>PARCIAL, VIS 10 KM, VTO CALMA A N\/NE 2\/6 NDS, MAR LLANA (0.1 MT).<\/p>\n\n\n\n<p><strong>PUERTO WILLIAMS:<\/strong><\/p>\n\n\n\n<p>PARCIAL A NUBLADO, VIS 10 KM, VTO CALMA A N\/NE 2\/6 NDS, MAR LLANA EN BAH\u00cdA.<\/p>\n\n\n\n<p>TEMPERATURA M\u00c1XIMA PROBABLE :11.0 \u00b0C.<\/p>\n\n\n\n<p><strong>BAH\u00cdA NASSAU A CABO DE HORNOS:<\/strong><\/p>\n\n\n\n<p>PARCIAL, VIS 10 KM, VTO CALMA A N\/NE 5\/10 NDS, MAR RIZADA A MAREJADILLA (0.2\/1.0 MT).<\/p>\n\n\n\n<p><strong>CABO DE HORNOS:<\/strong><\/p>\n\n\n\n<p><a><\/a><a><\/a><a><\/a><a>PARCIAL, VIS 10 KM, VTO CALMA A N\/NE 5\/10 NDS, MAR MAREJADILLA (0.5\/1.0 MT).<\/a><\/p>\n\n\n\n<p><strong><em>INFORMACI\u00d3N ELABORADA POR EL CENTRO METEOROL\u00d3GICO MAR\u00cdTIMO DE MAGALLANES<\/em><\/strong><\/p>\n","protected":false},"excerpt":{"rendered":"<p>V\u00e1lido hasta 20:00 horas del martes 15 de abril de 2025. ZONA SIETE (FARO SAN PEDRO A FARO EVANGELISTAS): SITUACI\u00d3N SIN\u00d3PTICA: FRONTAL. PRON\u00d3STICO: CUBIERTO, VIS 4\/6 KM LLUVIA, VTO NORESTE&#8230; <a class=\"read-more\" href=\"https:\/\/www.radiopresidenteibanez.cl\/web\/servinaut-informa-pronostico-regional-maritimo-98\/\">Leer m\u00e1s<\/a><\/p>\n","protected":false},"author":2,"featured_media":55694,"comment_status":"closed","ping_status":"closed","sticky":false,"template":"","format":"standard","meta":{"footnotes":""},"categories":[1],"tags":[],"class_list":["post-55693","post","type-post","status-publish","format-standard","has-post-thumbnail","hentry","category-cronica"],"_links":{"self":[{"href":"https:\/\/www.radiopresidenteibanez.cl\/web\/wp-json\/wp\/v2\/posts\/55693","targetHints":{"allow":["GET"]}}],"collection":[{"href":"https:\/\/www.radiopresidenteibanez.cl\/web\/wp-json\/wp\/v2\/posts"}],"about":[{"href":"https:\/\/www.radiopresidenteibanez.cl\/web\/wp-json\/wp\/v2\/types\/post"}],"author":[{"embeddable":true,"href":"https:\/\/www.radiopresidenteibanez.cl\/web\/wp-json\/wp\/v2\/users\/2"}],"replies":[{"embeddable":true,"href":"https:\/\/www.radiopresidenteibanez.cl\/web\/wp-json\/wp\/v2\/comments?post=55693"}],"version-history":[{"count":0,"href":"https:\/\/www.radiopresidenteibanez.cl\/web\/wp-json\/wp\/v2\/posts\/55693\/revisions"}],"wp:featuredmedia":[{"embeddable":true,"href":"https:\/\/www.radiopresidenteibanez.cl\/web\/wp-json\/wp\/v2\/media\/55694"}],"wp:attachment":[{"href":"https:\/\/www.radiopresidenteibanez.cl\/web\/wp-json\/wp\/v2\/media?parent=55693"}],"wp:term":[{"taxonomy":"category","embeddable":true,"href":"https:\/\/www.radiopresidenteibanez.cl\/web\/wp-json\/wp\/v2\/categories?post=55693"},{"taxonomy":"post_tag","embeddable":true,"href":"https:\/\/www.radiopresidenteibanez.cl\/web\/wp-json\/wp\/v2\/tags?post=55693"}],"curies":[{"name":"wp","href":"https:\/\/api.w.org\/{rel}","templated":true}]}}