{"id":55690,"date":"2025-04-14T17:26:00","date_gmt":"2025-04-14T20:26:00","guid":{"rendered":"https:\/\/www.radiopresidenteibanez.cl\/web\/?p=55690"},"modified":"2025-04-14T14:23:32","modified_gmt":"2025-04-14T17:23:32","slug":"invitan-a-participar-en-consulta-ciudadana-sobre-el-parque-nacional-kawesqar","status":"publish","type":"post","link":"https:\/\/www.radiopresidenteibanez.cl\/web\/invitan-a-participar-en-consulta-ciudadana-sobre-el-parque-nacional-kawesqar\/","title":{"rendered":"Invitan a participar en Consulta Ciudadana sobre el Parque Nacional Kaw\u00e9sqar"},"content":{"rendered":"\n<p>Con el objetivo de recoger las percepciones, conocimientos y propuestas de actores relevantes respecto a temas clave del&nbsp;<strong>plan de manejo del Parque Nacional Kaw\u00e9sqar<\/strong>, el&nbsp;<strong>Centro de Estudios Regionales (CER) de la Universidad de Magallanes (UMAG)<\/strong>&nbsp;est\u00e1 impulsando una Consulta Ciudadana que busca fomentar el di\u00e1logo, la colaboraci\u00f3n y la construcci\u00f3n colectiva de observaciones y recomendaciones para la mejora del plan de manejo de esta \u00e1rea protegida.<\/p>\n\n\n\n<p>El&nbsp;<strong>Parque Nacional Kaw\u00e9sqar<\/strong>, ubicado en la Regi\u00f3n de Magallanes y de la Ant\u00e1rtica Chilena, alberga una biodiversidad \u00fanica y paisajes de gran belleza, constituyendo un patrimonio natural y cultural de alto valor. La participaci\u00f3n de la ciudadan\u00eda en esta consulta permitir\u00e1 integrar diversas miradas sobre aspectos cruciales del parque, como los objetos de conservaci\u00f3n, las amenazas que enfrenta, su zonificaci\u00f3n, la compatibilidad de sus usos y las normativas que lo rigen.<\/p>\n\n\n\n<p>Las jornadas de participaci\u00f3n est\u00e1n dirigidas a toda la comunidad de Punta Arenas y Puerto Natales, incluyendo residentes locales, representantes de la comunidad Kaw\u00e9sqar, organizaciones ambientales, sectores productivos como la pesca, el turismo y la acuicultura, as\u00ed como autoridades, investigadores y cualquier persona interesada en el futuro del parque.<\/p>\n\n\n\n<p>A trav\u00e9s de mesas de trabajo presenciales, las y los asistentes podr\u00e1n dialogar con otros actores clave de la comunidad. Las opiniones y propuestas recabadas ser\u00e1n incorporadas como insumo para la elaboraci\u00f3n y ajuste del Plan de Manejo del Parque Nacional Kaw\u00e9sqar, otorgando un rol protag\u00f3nico a la comunidad en la toma de decisiones.<\/p>\n\n\n\n<p>Sobre la relevancia de esta iniciativa, el jefe del Centro de Estudios Regionales,&nbsp;<strong>Felipe Lagos Rojas,<\/strong>&nbsp;destac\u00f3 que \u201cse trata de procesos tremendamente importantes, ya que la comunidad magall\u00e1nica podr\u00e1 comenzar a incidir en los planes de manejo de porciones importantes de su territorio. Con esto, el Centro de Estudios Regionales se pone a disposici\u00f3n de la participaci\u00f3n ciudadana a nivel regional\u201d.<\/p>\n\n\n\n<p>La Consulta Ciudadana se llevar\u00e1 a cabo a trav\u00e9s de las siguientes jornadas de participaci\u00f3n:<\/p>\n\n\n\n<p><strong>Puerto Natales:<\/strong><\/p>\n\n\n\n<p>\u25cf&nbsp;&nbsp;&nbsp;&nbsp;&nbsp;&nbsp;Viernes 25 de abril, 18:00 a 20.45 hrs.<\/p>\n\n\n\n<p>\u25cf&nbsp;&nbsp;&nbsp;&nbsp;&nbsp;&nbsp;S\u00e1bado 26 de abril, 09:00 a 13:30 hrs.<\/p>\n\n\n\n<p>Lugar: Auditorio del Liceo Polit\u00e9cnico Luis Cruz Mart\u00ednez.<\/p>\n\n\n\n<p>Direcci\u00f3n: Bernardo Philippi&nbsp; n\u00b0474<\/p>\n\n\n\n<p><strong>Punta Arenas:<\/strong><\/p>\n\n\n\n<p>\u25cf&nbsp;&nbsp;&nbsp;&nbsp;&nbsp;&nbsp;Viernes 09 de mayo, 18:00 a 20:45 hrs.<\/p>\n\n\n\n<p>\u25cf&nbsp;&nbsp;&nbsp;&nbsp;&nbsp;&nbsp;S\u00e1bado 10 de mayo, 09:00 a 13:30 hrs.<\/p>\n\n\n\n<p>Lugar:&nbsp;Auditorio Ernesto Livacic Universidad de Magallanes.<\/p>\n\n\n\n<p>Direcci\u00f3n: Casa Central, Avenida Manuel Bulnes 01855.<\/p>\n\n\n\n<p>Adicionalmente, se habilitar\u00e1 una plataforma virtual a trav\u00e9s del sitio web&nbsp;<a href=\"http:\/\/decidim.umag.cl\/\" target=\"_blank\" rel=\"noreferrer noopener\">decidim.umag.cl<\/a>, donde los interesados podr\u00e1n acceder a informaci\u00f3n relevante sobre el parque y tambi\u00e9n podr\u00e1n enviar sus comentarios y sugerencias.<\/p>\n\n\n\n<p>Para obtener m\u00e1s detalles o informaci\u00f3n, puedes contactarte a trav\u00e9s del correo:&nbsp;<a href=\"mailto:centrodeestudiosregionales@umag.cl\" target=\"_blank\" rel=\"noreferrer noopener\">centrodeestudiosregionales@umag.cl<\/a><\/p>\n","protected":false},"excerpt":{"rendered":"<p>Con el objetivo de recoger las percepciones, conocimientos y propuestas de actores relevantes respecto a temas clave del&nbsp;plan de manejo del Parque Nacional Kaw\u00e9sqar, el&nbsp;Centro de Estudios Regionales (CER) de&#8230; <a class=\"read-more\" href=\"https:\/\/www.radiopresidenteibanez.cl\/web\/invitan-a-participar-en-consulta-ciudadana-sobre-el-parque-nacional-kawesqar\/\">Leer m\u00e1s<\/a><\/p>\n","protected":false},"author":2,"featured_media":55691,"comment_status":"closed","ping_status":"closed","sticky":false,"template":"","format":"standard","meta":{"footnotes":""},"categories":[1],"tags":[],"class_list":["post-55690","post","type-post","status-publish","format-standard","has-post-thumbnail","hentry","category-cronica"],"_links":{"self":[{"href":"https:\/\/www.radiopresidenteibanez.cl\/web\/wp-json\/wp\/v2\/posts\/55690","targetHints":{"allow":["GET"]}}],"collection":[{"href":"https:\/\/www.radiopresidenteibanez.cl\/web\/wp-json\/wp\/v2\/posts"}],"about":[{"href":"https:\/\/www.radiopresidenteibanez.cl\/web\/wp-json\/wp\/v2\/types\/post"}],"author":[{"embeddable":true,"href":"https:\/\/www.radiopresidenteibanez.cl\/web\/wp-json\/wp\/v2\/users\/2"}],"replies":[{"embeddable":true,"href":"https:\/\/www.radiopresidenteibanez.cl\/web\/wp-json\/wp\/v2\/comments?post=55690"}],"version-history":[{"count":0,"href":"https:\/\/www.radiopresidenteibanez.cl\/web\/wp-json\/wp\/v2\/posts\/55690\/revisions"}],"wp:featuredmedia":[{"embeddable":true,"href":"https:\/\/www.radiopresidenteibanez.cl\/web\/wp-json\/wp\/v2\/media\/55691"}],"wp:attachment":[{"href":"https:\/\/www.radiopresidenteibanez.cl\/web\/wp-json\/wp\/v2\/media?parent=55690"}],"wp:term":[{"taxonomy":"category","embeddable":true,"href":"https:\/\/www.radiopresidenteibanez.cl\/web\/wp-json\/wp\/v2\/categories?post=55690"},{"taxonomy":"post_tag","embeddable":true,"href":"https:\/\/www.radiopresidenteibanez.cl\/web\/wp-json\/wp\/v2\/tags?post=55690"}],"curies":[{"name":"wp","href":"https:\/\/api.w.org\/{rel}","templated":true}]}}