{"id":5569,"date":"2019-07-05T15:07:49","date_gmt":"2019-07-05T15:07:49","guid":{"rendered":"http:\/\/www.radiopresidenteibanez.cl\/web\/?p=5569"},"modified":"2019-07-05T15:08:09","modified_gmt":"2019-07-05T15:08:09","slug":"senadora-goic-urge-la-necesidad-de-instalar-una-mesa-de-trabajo-en-torno-al-desarrollo-de-la-solmonicultura","status":"publish","type":"post","link":"https:\/\/www.radiopresidenteibanez.cl\/web\/senadora-goic-urge-la-necesidad-de-instalar-una-mesa-de-trabajo-en-torno-al-desarrollo-de-la-solmonicultura\/","title":{"rendered":"SENADORA GOIC: \u201cURGE LA NECESIDAD DE INSTALAR UNA MESA DE TRABAJO EN TORNO AL DESARROLLO DE LA SOLMONICULTURA\u201d"},"content":{"rendered":"\n<p>Mediante oficios remitidos desde Senado de la Rep\u00fablica\ntanto al Subsecretario de Pesca como al Intendente Regional, la parlamentaria\nmagall\u00e1nica Carolina Goic reiter\u00f3 la necesidad de instalar en la regi\u00f3n una\nmesa de trabajo para el desarrollo de la salmonicultura en la zona, instancia\nen la cual deben ser parte actores, tales como, la industria, los trabajadores,\nla pesca artesanal, el sector turismo y las respectivas entidades del Estado.<\/p>\n\n\n\n<p>\u201cHoy m\u00e1s que nunca debemos trabajar en torno al desarrollo\nde esta industria, as\u00ed lo he hecho saber a trav\u00e9s de diferentes instancias,\ntanto al subsecretario de pesca como al intendente. Por eso lamento que a\u00fan no\ntengamos respuestas, sobre todo pensando en los \u00faltimos hechos que hemos\nconocido\u201d apunto Carolina Goic.<\/p>\n\n\n\n<p>M\u00e1s adelante reiter\u00f3 una vez m\u00e1s que ella no est\u00e1 en contra\ndel desarrollo de esta industria, pero lo que ha solicitado es avanzar en un\nordenamiento del uso del borde costero y de poder avanzar en&nbsp; el desarrollo de la salmonicultura en forma\nsustentable y segura desde el punto de vista ambiental y laboral, es decir\ndijo, permitiendo el desarrollo arm\u00f3nico con otras actividades productivas y el\ncuidado de los trabajadores y trabajadoras. <\/p>\n\n\n\n<p>\u201cA trav\u00e9s de una instancia de di\u00e1logo como lo que estoy\nsolicitando, es posible avanzar en un ordenamiento que permita que los sectores\nproductivos de la regi\u00f3n no colisionen entre s\u00ed, como son el desarrollo tur\u00edstico,\nlos intereses cient\u00edficos de conservaci\u00f3n, la pesca artesanal y la\nacuicultura\u201d, sostuvo la senadora Goic.<\/p>\n\n\n\n<p>Finalmente se\u00f1al\u00f3 que experiencias en la conformaci\u00f3n de mesas de trabajo en la zona han tenido resultados concretos y con acuerdos transversales tal como ocurri\u00f3 con la modificaci\u00f3n a la Ley General de Pesca y Acuicultura.<\/p>\n\n\n\n<figure class=\"wp-block-image\"><img loading=\"lazy\" decoding=\"async\" width=\"1024\" height=\"640\" src=\"http:\/\/www.radiopresidenteibanez.cl\/web\/wp-content\/uploads\/2019\/07\/goic-1024x640.jpg\" alt=\"\" class=\"wp-image-5561\" srcset=\"https:\/\/www.radiopresidenteibanez.cl\/web\/wp-content\/uploads\/2019\/07\/goic-1024x640.jpg 1024w, https:\/\/www.radiopresidenteibanez.cl\/web\/wp-content\/uploads\/2019\/07\/goic-300x187.jpg 300w, https:\/\/www.radiopresidenteibanez.cl\/web\/wp-content\/uploads\/2019\/07\/goic-768x480.jpg 768w, https:\/\/www.radiopresidenteibanez.cl\/web\/wp-content\/uploads\/2019\/07\/goic.jpg 1140w\" sizes=\"auto, (max-width: 1024px) 100vw, 1024px\" \/><\/figure>\n","protected":false},"excerpt":{"rendered":"<p>Mediante oficios remitidos desde Senado de la Rep\u00fablica tanto al Subsecretario de Pesca como al Intendente Regional, la parlamentaria magall\u00e1nica Carolina Goic reiter\u00f3 la necesidad de instalar en la regi\u00f3n&#8230; <a class=\"read-more\" href=\"https:\/\/www.radiopresidenteibanez.cl\/web\/senadora-goic-urge-la-necesidad-de-instalar-una-mesa-de-trabajo-en-torno-al-desarrollo-de-la-solmonicultura\/\">Leer m\u00e1s<\/a><\/p>\n","protected":false},"author":2,"featured_media":5561,"comment_status":"closed","ping_status":"closed","sticky":false,"template":"","format":"standard","meta":{"footnotes":""},"categories":[1],"tags":[],"class_list":["post-5569","post","type-post","status-publish","format-standard","has-post-thumbnail","hentry","category-cronica"],"_links":{"self":[{"href":"https:\/\/www.radiopresidenteibanez.cl\/web\/wp-json\/wp\/v2\/posts\/5569","targetHints":{"allow":["GET"]}}],"collection":[{"href":"https:\/\/www.radiopresidenteibanez.cl\/web\/wp-json\/wp\/v2\/posts"}],"about":[{"href":"https:\/\/www.radiopresidenteibanez.cl\/web\/wp-json\/wp\/v2\/types\/post"}],"author":[{"embeddable":true,"href":"https:\/\/www.radiopresidenteibanez.cl\/web\/wp-json\/wp\/v2\/users\/2"}],"replies":[{"embeddable":true,"href":"https:\/\/www.radiopresidenteibanez.cl\/web\/wp-json\/wp\/v2\/comments?post=5569"}],"version-history":[{"count":0,"href":"https:\/\/www.radiopresidenteibanez.cl\/web\/wp-json\/wp\/v2\/posts\/5569\/revisions"}],"wp:featuredmedia":[{"embeddable":true,"href":"https:\/\/www.radiopresidenteibanez.cl\/web\/wp-json\/wp\/v2\/media\/5561"}],"wp:attachment":[{"href":"https:\/\/www.radiopresidenteibanez.cl\/web\/wp-json\/wp\/v2\/media?parent=5569"}],"wp:term":[{"taxonomy":"category","embeddable":true,"href":"https:\/\/www.radiopresidenteibanez.cl\/web\/wp-json\/wp\/v2\/categories?post=5569"},{"taxonomy":"post_tag","embeddable":true,"href":"https:\/\/www.radiopresidenteibanez.cl\/web\/wp-json\/wp\/v2\/tags?post=5569"}],"curies":[{"name":"wp","href":"https:\/\/api.w.org\/{rel}","templated":true}]}}