{"id":55687,"date":"2025-04-14T16:07:00","date_gmt":"2025-04-14T19:07:00","guid":{"rendered":"https:\/\/www.radiopresidenteibanez.cl\/web\/?p=55687"},"modified":"2025-04-14T14:21:06","modified_gmt":"2025-04-14T17:21:06","slug":"sub-mesa-de-fiscalizacion-de-trata-de-personas-inicio-su-programacion-2025","status":"publish","type":"post","link":"https:\/\/www.radiopresidenteibanez.cl\/web\/sub-mesa-de-fiscalizacion-de-trata-de-personas-inicio-su-programacion-2025\/","title":{"rendered":"Sub-Mesa de fiscalizaci\u00f3n de trata de personas inici\u00f3 su programaci\u00f3n 2025"},"content":{"rendered":"\n<p>Con la participaci\u00f3n de la Seremi del Trabajo, Doris Sandoval Miranda, y tambi\u00e9n de la Seremi Interina de Seguridad P\u00fablica, Carla Barrientos Hern\u00e1ndez, se desarroll\u00f3 la primera reuni\u00f3n de este 2025 de la subcomisi\u00f3n de fiscalizaci\u00f3n de la Mesa Intersectorial de Trata de Personas.<\/p>\n\n\n\n<p>Esta subcomisi\u00f3n es liderada en la zona por la secretar\u00eda regional ministerial del Trabajo y Previsi\u00f3n Social de Magallanes, junto a la secci\u00f3n regional de Derechos Humanos de Carabineros y personal de la Polic\u00eda de Investigaciones (PDI) de Punta Arenas.<\/p>\n\n\n\n<p>El objetivo de esta primera reuni\u00f3n anual fue coordinar y establecer el cronograma de actividades del a\u00f1o, entre las que se destacan principalmente los operativos nocturnos de fiscalizaci\u00f3n, cuya finalidad primera es prevenir y pesquisar el delito de trata de personas en la regi\u00f3n.<\/p>\n\n\n\n<p>En palabras de la autoridad laboral, \u201cesta es una instancia muy importante para nosotros como cartera ministerial en la zona, ya que, a partir de la colaboraci\u00f3n lograda con Carabineros y con la PDI, el 2024 se concretaron distintos operativos durante todo el a\u00f1o, convirti\u00e9ndose esta en una alianza frut\u00edfera, especialmente, en t\u00e9rminos de entregar orientaci\u00f3n e informaci\u00f3n a las personas y as\u00ed prevenir esta vulneraci\u00f3n de derechos\u201d.<\/p>\n\n\n\n<p>Por su parte, la Seremi (i) de Seguridad P\u00fablica, Carla Barrientos, agradeci\u00f3 la invitaci\u00f3n a participar de esta mesa, se\u00f1alando que \u201csin duda, este delito representa un problema de seguridad p\u00fablica. Por lo tanto, nos hemos puesto a disposici\u00f3n para desarrollar acciones en conjunto en un trabajo colaborativo, porque esa debe ser la esencia: coordinar el trabajo intersectorial para prevenir y erradicar esta forma de explotaci\u00f3n\u201d.<\/p>\n\n\n\n<p>Al respecto, el Mayor (J) Juan Pablo Gatica Pe\u00f1a, jefe de la secci\u00f3n regional de DD.HHH. y Protecci\u00f3n de la Familia de la Zona de Magallanes y Ant\u00e1rtica Chilena, declar\u00f3 que \u201cnos reunimos en la mesa de trata de personas junto a otros estamentos p\u00fablicos, donde junto a la Polic\u00eda de Investigaciones de Chile y la Seremi del Trabajo acordamos realizar cinco operativos nocturnos, dos en la comuna de Punta Arenas, dos en la comuna de Puerto Natales y uno en la comuna de Porvenir, con la finalidad de poder fiscalizar y controlar determinados locales nocturnos con la finalidad de evitar el delito de trata de personas y prevenirlo, ya que en la regi\u00f3n hay una gran cantidad de personas migrantes y el objetivo es resguardar sus derechos y protegerlos\u201d.<\/p>\n\n\n\n<p>Durante los \u00faltimos tres a\u00f1os, esta mesa ha concretado un trabajo sistem\u00e1tico de fiscalizaci\u00f3n y prevenci\u00f3n en diferentes instancias, desarrollando el a\u00f1o 2024 tres operativos nocturnos en la ciudad de Punta Arenas. Para este a\u00f1o, la idea de llegar a Puerto Natales y Porvenir es poder acercar estas acciones a esas comunas y abarcar m\u00e1s territorio con la finalidad de informar a la comunidad y prevenir este delito.<\/p>\n","protected":false},"excerpt":{"rendered":"<p>Con la participaci\u00f3n de la Seremi del Trabajo, Doris Sandoval Miranda, y tambi\u00e9n de la Seremi Interina de Seguridad P\u00fablica, Carla Barrientos Hern\u00e1ndez, se desarroll\u00f3 la primera reuni\u00f3n de este&#8230; <a class=\"read-more\" href=\"https:\/\/www.radiopresidenteibanez.cl\/web\/sub-mesa-de-fiscalizacion-de-trata-de-personas-inicio-su-programacion-2025\/\">Leer m\u00e1s<\/a><\/p>\n","protected":false},"author":2,"featured_media":55688,"comment_status":"closed","ping_status":"closed","sticky":false,"template":"","format":"standard","meta":{"footnotes":""},"categories":[1],"tags":[],"class_list":["post-55687","post","type-post","status-publish","format-standard","has-post-thumbnail","hentry","category-cronica"],"_links":{"self":[{"href":"https:\/\/www.radiopresidenteibanez.cl\/web\/wp-json\/wp\/v2\/posts\/55687","targetHints":{"allow":["GET"]}}],"collection":[{"href":"https:\/\/www.radiopresidenteibanez.cl\/web\/wp-json\/wp\/v2\/posts"}],"about":[{"href":"https:\/\/www.radiopresidenteibanez.cl\/web\/wp-json\/wp\/v2\/types\/post"}],"author":[{"embeddable":true,"href":"https:\/\/www.radiopresidenteibanez.cl\/web\/wp-json\/wp\/v2\/users\/2"}],"replies":[{"embeddable":true,"href":"https:\/\/www.radiopresidenteibanez.cl\/web\/wp-json\/wp\/v2\/comments?post=55687"}],"version-history":[{"count":0,"href":"https:\/\/www.radiopresidenteibanez.cl\/web\/wp-json\/wp\/v2\/posts\/55687\/revisions"}],"wp:featuredmedia":[{"embeddable":true,"href":"https:\/\/www.radiopresidenteibanez.cl\/web\/wp-json\/wp\/v2\/media\/55688"}],"wp:attachment":[{"href":"https:\/\/www.radiopresidenteibanez.cl\/web\/wp-json\/wp\/v2\/media?parent=55687"}],"wp:term":[{"taxonomy":"category","embeddable":true,"href":"https:\/\/www.radiopresidenteibanez.cl\/web\/wp-json\/wp\/v2\/categories?post=55687"},{"taxonomy":"post_tag","embeddable":true,"href":"https:\/\/www.radiopresidenteibanez.cl\/web\/wp-json\/wp\/v2\/tags?post=55687"}],"curies":[{"name":"wp","href":"https:\/\/api.w.org\/{rel}","templated":true}]}}