{"id":55684,"date":"2025-04-14T14:49:00","date_gmt":"2025-04-14T17:49:00","guid":{"rendered":"https:\/\/www.radiopresidenteibanez.cl\/web\/?p=55684"},"modified":"2025-04-14T11:30:28","modified_gmt":"2025-04-14T14:30:28","slug":"seremi-de-energia-y-h2v-magallanes-destacan-colaboracion-publico-privada-para-el-despliegue-de-la-nueva-industria-energetica","status":"publish","type":"post","link":"https:\/\/www.radiopresidenteibanez.cl\/web\/seremi-de-energia-y-h2v-magallanes-destacan-colaboracion-publico-privada-para-el-despliegue-de-la-nueva-industria-energetica\/","title":{"rendered":"Seremi de Energ\u00eda\u00a0y H2V Magallanes destacan colaboraci\u00f3n p\u00fablico-privada para el despliegue de la nueva industria energ\u00e9tica"},"content":{"rendered":"\n<p>Fortalecer la colaboraci\u00f3n entre los sectores p\u00fablico y privado para impulsar el desarrollo de la nueva industria energ\u00e9tica destac\u00f3 como uno de los objetivos del encuentro sostenido por representantes de la Asociaci\u00f3n Gremial de Productores de Hidr\u00f3geno Verde y sus derivados de Magallanes y el seremi de Energ\u00eda, Sergio Cuiti\u00f1o.<\/p>\n\n\n\n<p>Por parte de H2V Magallanes asistieron a la actividad su nuevo Director Ejecutivo, Salvador Harambour, y el Vicepresidente del Directorio, Antoine Liane.<\/p>\n\n\n\n<p>Tanto los ejecutivos de la asociaci\u00f3n gremial como la autoridad regional coincidieron en que el 2025 ser\u00e1 un a\u00f1o especialmente relevante para el desarrollo de los productores de hidr\u00f3geno verde y amon\u00edaco verde que aspiran a instalarse en la regi\u00f3n, lo cual se enlaza con la futura presentaci\u00f3n de tres proyectos de las empresas socias al proceso de evaluaci\u00f3n ambiental.<\/p>\n\n\n\n<p><strong>APROVECHAR LAS VENTAJAS COMPARATIVAS<\/strong><\/p>\n\n\n\n<p>Salvador Harambour destac\u00f3 la voluntad de trabajar en conjunto entre representantes del \u00e1mbito p\u00fablico y privado para apoyar esta nueva industria. \u201cMagallanes sigue teniendo ventajas comparativas frente a otros mercados, por lo que esta industria se plantea como una propuesta real para generar un polo de desarrollo para la regi\u00f3n\u201d, resalt\u00f3 el ejecutivo.<\/p>\n\n\n\n<p>En esta misma l\u00ednea, el seremi Cuiti\u00f1o concord\u00f3 con lo expresado por el ejecutivo de la asociaci\u00f3n gremial.<\/p>\n\n\n\n<p>\u201cComo Gobierno del presidente Gabriel Boric, creemos que continuar robusteciendo con acciones concretas la alianza p\u00fablico-privada, es clave para aprovechar las inmejorables condiciones que posee Magallanes para desplegar la industria del hidr\u00f3geno verde, consolidarla en los pr\u00f3ximos a\u00f1os y, junto con ello, liderar desde el extremo sur del pa\u00eds, la transici\u00f3n energ\u00e9tica que el mundo requiere con sentido de urgencia\u201d, sostuvo el titular regional de Energ\u00eda.<\/p>\n\n\n\n<p>H2V Magallanes est\u00e1 conformada por 7 empresas desarrolladoras de proyectos de hidr\u00f3geno verde y sus derivados -ACCIONA &amp; Nordex Green Hydrogen, Consorcio Austral, EDF Chile, EDF Renewables, HNH Energy, TEG Chile y TotalEnergies H2-, los que se encuentran en distinto grado de avance.<\/p>\n","protected":false},"excerpt":{"rendered":"<p>Fortalecer la colaboraci\u00f3n entre los sectores p\u00fablico y privado para impulsar el desarrollo de la nueva industria energ\u00e9tica destac\u00f3 como uno de los objetivos del encuentro sostenido por representantes de&#8230; <a class=\"read-more\" href=\"https:\/\/www.radiopresidenteibanez.cl\/web\/seremi-de-energia-y-h2v-magallanes-destacan-colaboracion-publico-privada-para-el-despliegue-de-la-nueva-industria-energetica\/\">Leer m\u00e1s<\/a><\/p>\n","protected":false},"author":2,"featured_media":55685,"comment_status":"closed","ping_status":"closed","sticky":false,"template":"","format":"standard","meta":{"footnotes":""},"categories":[1],"tags":[],"class_list":["post-55684","post","type-post","status-publish","format-standard","has-post-thumbnail","hentry","category-cronica"],"_links":{"self":[{"href":"https:\/\/www.radiopresidenteibanez.cl\/web\/wp-json\/wp\/v2\/posts\/55684","targetHints":{"allow":["GET"]}}],"collection":[{"href":"https:\/\/www.radiopresidenteibanez.cl\/web\/wp-json\/wp\/v2\/posts"}],"about":[{"href":"https:\/\/www.radiopresidenteibanez.cl\/web\/wp-json\/wp\/v2\/types\/post"}],"author":[{"embeddable":true,"href":"https:\/\/www.radiopresidenteibanez.cl\/web\/wp-json\/wp\/v2\/users\/2"}],"replies":[{"embeddable":true,"href":"https:\/\/www.radiopresidenteibanez.cl\/web\/wp-json\/wp\/v2\/comments?post=55684"}],"version-history":[{"count":0,"href":"https:\/\/www.radiopresidenteibanez.cl\/web\/wp-json\/wp\/v2\/posts\/55684\/revisions"}],"wp:featuredmedia":[{"embeddable":true,"href":"https:\/\/www.radiopresidenteibanez.cl\/web\/wp-json\/wp\/v2\/media\/55685"}],"wp:attachment":[{"href":"https:\/\/www.radiopresidenteibanez.cl\/web\/wp-json\/wp\/v2\/media?parent=55684"}],"wp:term":[{"taxonomy":"category","embeddable":true,"href":"https:\/\/www.radiopresidenteibanez.cl\/web\/wp-json\/wp\/v2\/categories?post=55684"},{"taxonomy":"post_tag","embeddable":true,"href":"https:\/\/www.radiopresidenteibanez.cl\/web\/wp-json\/wp\/v2\/tags?post=55684"}],"curies":[{"name":"wp","href":"https:\/\/api.w.org\/{rel}","templated":true}]}}