{"id":55681,"date":"2025-04-14T13:15:00","date_gmt":"2025-04-14T16:15:00","guid":{"rendered":"https:\/\/www.radiopresidenteibanez.cl\/web\/?p=55681"},"modified":"2025-04-14T11:18:42","modified_gmt":"2025-04-14T14:18:42","slug":"tabsa-y-consejero-victor-hugo-perez-abordaron-conectividad-maritima-a-cabo-de-hornos","status":"publish","type":"post","link":"https:\/\/www.radiopresidenteibanez.cl\/web\/tabsa-y-consejero-victor-hugo-perez-abordaron-conectividad-maritima-a-cabo-de-hornos\/","title":{"rendered":"TABSA y consejero V\u00edctor Hugo P\u00e9rez abordaron conectividad mar\u00edtima a Cabo de Hornos"},"content":{"rendered":"\n<p>Un fructifico di\u00e1logo mantuvieron ejecutivos de TABSA con el consejero regional de la Provincia Ant\u00e1rtica, V\u00edctor P\u00e9rez, con quien se abordaron oportunidades de mejora en la ruta Punta Arenas \u2013 Puerto Williams \u2013 Puerto Toro.<\/p>\n\n\n\n<p>P\u00e9rez destac\u00f3 la incorporaci\u00f3n de wifi durante todo el viaje en las embarcaciones que operan en esa v\u00eda mar\u00edtima. Asimismo, hizo ver la inquietud que provoc\u00f3 en los habitantes de Cabo de Hornos la reincorporaci\u00f3n del ferry Yaghan a la ruta. \u201cLa gente se asust\u00f3 cuando vio en los \u00faltimos atraques al ferry Yaghan volver. La gente comentaba que nos hab\u00edan quitado el Kaw\u00e9skar que tiene mayor capacidad\u201d, explic\u00f3 el core.<\/p>\n\n\n\n<p>El Gerente General de TABSA, Crist\u00f3bal Kulczewski, explic\u00f3 que dada la disminuci\u00f3n de pasajeros y carga durante la temporada baja, la empresa reincorpor\u00f3 al ferry Yaghan a la ruta, embarcaci\u00f3n con la que se cumplen todas las exigencias del contrato con el Ministerio de Transportes.<\/p>\n\n\n\n<p>\u201cLe hemos explicado al consejero P\u00e9rez y, por su intermedio, a la comunidad, que el compromiso de la compa\u00f1\u00eda es mantener un alto nivel de seguridad y servicio en la ruta, por lo que hemos dispuesto ambos ferries (Yaghan y Kaw\u00e9skar), que cumplen cabalmente las exigencias propias de la ruta y del contrato mar\u00edtimo. Puerto Williams contar\u00e1 con ambos ferries, uno durante la temporada alta en donde aumenta significativamente la demanda de pasajeros y carga; y otro para la temporada baja\u201d, ahond\u00f3 el ejecutivo.<\/p>\n","protected":false},"excerpt":{"rendered":"<p>Un fructifico di\u00e1logo mantuvieron ejecutivos de TABSA con el consejero regional de la Provincia Ant\u00e1rtica, V\u00edctor P\u00e9rez, con quien se abordaron oportunidades de mejora en la ruta Punta Arenas \u2013&#8230; <a class=\"read-more\" href=\"https:\/\/www.radiopresidenteibanez.cl\/web\/tabsa-y-consejero-victor-hugo-perez-abordaron-conectividad-maritima-a-cabo-de-hornos\/\">Leer m\u00e1s<\/a><\/p>\n","protected":false},"author":2,"featured_media":55682,"comment_status":"closed","ping_status":"closed","sticky":false,"template":"","format":"standard","meta":{"footnotes":""},"categories":[1],"tags":[],"class_list":["post-55681","post","type-post","status-publish","format-standard","has-post-thumbnail","hentry","category-cronica"],"_links":{"self":[{"href":"https:\/\/www.radiopresidenteibanez.cl\/web\/wp-json\/wp\/v2\/posts\/55681","targetHints":{"allow":["GET"]}}],"collection":[{"href":"https:\/\/www.radiopresidenteibanez.cl\/web\/wp-json\/wp\/v2\/posts"}],"about":[{"href":"https:\/\/www.radiopresidenteibanez.cl\/web\/wp-json\/wp\/v2\/types\/post"}],"author":[{"embeddable":true,"href":"https:\/\/www.radiopresidenteibanez.cl\/web\/wp-json\/wp\/v2\/users\/2"}],"replies":[{"embeddable":true,"href":"https:\/\/www.radiopresidenteibanez.cl\/web\/wp-json\/wp\/v2\/comments?post=55681"}],"version-history":[{"count":0,"href":"https:\/\/www.radiopresidenteibanez.cl\/web\/wp-json\/wp\/v2\/posts\/55681\/revisions"}],"wp:featuredmedia":[{"embeddable":true,"href":"https:\/\/www.radiopresidenteibanez.cl\/web\/wp-json\/wp\/v2\/media\/55682"}],"wp:attachment":[{"href":"https:\/\/www.radiopresidenteibanez.cl\/web\/wp-json\/wp\/v2\/media?parent=55681"}],"wp:term":[{"taxonomy":"category","embeddable":true,"href":"https:\/\/www.radiopresidenteibanez.cl\/web\/wp-json\/wp\/v2\/categories?post=55681"},{"taxonomy":"post_tag","embeddable":true,"href":"https:\/\/www.radiopresidenteibanez.cl\/web\/wp-json\/wp\/v2\/tags?post=55681"}],"curies":[{"name":"wp","href":"https:\/\/api.w.org\/{rel}","templated":true}]}}