{"id":5566,"date":"2019-07-05T15:04:02","date_gmt":"2019-07-05T15:04:02","guid":{"rendered":"http:\/\/www.radiopresidenteibanez.cl\/web\/?p=5566"},"modified":"2019-07-05T15:04:18","modified_gmt":"2019-07-05T15:04:18","slug":"diputado-bianchi-denuncia-responsabilidad-administrativa-en-fallecimiento-de-menor-en-puerto-natales-por-falta-de-pediatra","status":"publish","type":"post","link":"https:\/\/www.radiopresidenteibanez.cl\/web\/diputado-bianchi-denuncia-responsabilidad-administrativa-en-fallecimiento-de-menor-en-puerto-natales-por-falta-de-pediatra\/","title":{"rendered":"DIPUTADO BIANCHI DENUNCIA RESPONSABILIDAD ADMINISTRATIVA EN FALLECIMIENTO DE MENOR EN PUERTO NATALES POR FALTA DE PEDIATRA"},"content":{"rendered":"\n<p>El\nparlamentario acusa la falta de un pediatra en el hospital de Puerto Natales\npor licencia y asegura que no se pidi\u00f3 el reemplazo. Adem\u00e1s, exige intervenci\u00f3n\nal establecimiento frente a las constantes irregularidades.<\/p>\n\n\n\n<p>En\neste contexto, el Diputado regionalista exige que se intervenga el\nestablecimiento y se investiguen las irregularidades, manifestando tambi\u00e9n que\nha habido varios casos de negligencia m\u00e9dica y fallecimientos en el recinto,\nse\u00f1alando adem\u00e1s que los especialistas no concurren en casos de emergencia.<\/p>\n\n\n\n<p>\u201cAnte\nlas constantes desgracias que han ocurrido en Natales, la gente ya no tiene\nconfianza en el hospital, ya no quiere dejar all\u00ed a sus familiares porque\npiensa que va a pasar lo que siempre ha ocurrido\u201d, declar\u00f3 el diputado Karim\nBianchi.<\/p>\n\n\n\n<p>El\nDiputado independiente ya hab\u00eda sostenido una reuni\u00f3n con la subsecretaria de\nRedes Asistenciales de ese entonces, Gloria Burgos,&nbsp;por el fallecimiento\nde un menor en el establecimiento a causa del virus respiratorio sincicial.<\/p>\n\n\n\n<p>En\nesta ocasi\u00f3n, se firm\u00f3 un acuerdo para adoptar todas las medidas necesarias y\nas\u00ed casos como este no se repitieran. En este sentido, el Diputado magall\u00e1nico\nenfatiz\u00f3 en que este acuerdo no se ha cumplido, ya que siguen ocurriendo continuas\nirregularidades.<\/p>\n\n\n\n<p>El\nparlamentario agrego que \u201cno es posible que el hospital a\u00fan no cuente con un\ndirector titular y exige que prontamente se designe uno para el establecimiento\ny que la pediatra pidiera su traslado luego del fallecimiento de un menor\u201d.<\/p>\n\n\n\n<p>Cabe\ndestacar que ya fue presentado un oficio a Contralor\u00eda que indica las\nirregularidades del hospital, de manera que ya est\u00e1 siendo investigado y\nalgunas causas ya fueron llevadas al Ministerio P\u00fablico.<\/p>\n\n\n\n<p>Por\nsu parte, el parlamentario realiz\u00f3 una denuncia ante la Contralor\u00eda, ya que el Servicio\nde Salud no est\u00e1 cumpliendo con las obligaciones que esta entidad fiscalizadora\nle hab\u00eda impartido anteriormente. Adem\u00e1s, hizo una denuncia ante la Subsecretar\u00eda\nde Redes Asistenciales por el incumplimiento del acuerdo firmado.<\/p>\n\n\n\n<p>Igualmente, le exigi\u00f3 al Servicio de Salud que informe si es que cuando ocurrieron los lamentables hechos, el hospital contaba con los especialistas necesarios para responder ante tales urgencias, ya que la pediatra estaba con licencia y no se solicit\u00f3 el reemplazo.<\/p>\n\n\n\n<figure class=\"wp-block-image\"><img loading=\"lazy\" decoding=\"async\" width=\"1024\" height=\"649\" src=\"http:\/\/www.radiopresidenteibanez.cl\/web\/wp-content\/uploads\/2019\/07\/karimbianchi-1024x649.jpg\" alt=\"\" class=\"wp-image-5567\" srcset=\"https:\/\/www.radiopresidenteibanez.cl\/web\/wp-content\/uploads\/2019\/07\/karimbianchi-1024x649.jpg 1024w, https:\/\/www.radiopresidenteibanez.cl\/web\/wp-content\/uploads\/2019\/07\/karimbianchi-300x190.jpg 300w, https:\/\/www.radiopresidenteibanez.cl\/web\/wp-content\/uploads\/2019\/07\/karimbianchi-768x487.jpg 768w, https:\/\/www.radiopresidenteibanez.cl\/web\/wp-content\/uploads\/2019\/07\/karimbianchi.jpg 1030w\" sizes=\"auto, (max-width: 1024px) 100vw, 1024px\" \/><\/figure>\n","protected":false},"excerpt":{"rendered":"<p>El parlamentario acusa la falta de un pediatra en el hospital de Puerto Natales por licencia y asegura que no se pidi\u00f3 el reemplazo. Adem\u00e1s, exige intervenci\u00f3n al establecimiento frente&#8230; <a class=\"read-more\" href=\"https:\/\/www.radiopresidenteibanez.cl\/web\/diputado-bianchi-denuncia-responsabilidad-administrativa-en-fallecimiento-de-menor-en-puerto-natales-por-falta-de-pediatra\/\">Leer m\u00e1s<\/a><\/p>\n","protected":false},"author":2,"featured_media":5567,"comment_status":"closed","ping_status":"closed","sticky":false,"template":"","format":"standard","meta":{"footnotes":""},"categories":[1],"tags":[],"class_list":["post-5566","post","type-post","status-publish","format-standard","has-post-thumbnail","hentry","category-cronica"],"_links":{"self":[{"href":"https:\/\/www.radiopresidenteibanez.cl\/web\/wp-json\/wp\/v2\/posts\/5566","targetHints":{"allow":["GET"]}}],"collection":[{"href":"https:\/\/www.radiopresidenteibanez.cl\/web\/wp-json\/wp\/v2\/posts"}],"about":[{"href":"https:\/\/www.radiopresidenteibanez.cl\/web\/wp-json\/wp\/v2\/types\/post"}],"author":[{"embeddable":true,"href":"https:\/\/www.radiopresidenteibanez.cl\/web\/wp-json\/wp\/v2\/users\/2"}],"replies":[{"embeddable":true,"href":"https:\/\/www.radiopresidenteibanez.cl\/web\/wp-json\/wp\/v2\/comments?post=5566"}],"version-history":[{"count":0,"href":"https:\/\/www.radiopresidenteibanez.cl\/web\/wp-json\/wp\/v2\/posts\/5566\/revisions"}],"wp:featuredmedia":[{"embeddable":true,"href":"https:\/\/www.radiopresidenteibanez.cl\/web\/wp-json\/wp\/v2\/media\/5567"}],"wp:attachment":[{"href":"https:\/\/www.radiopresidenteibanez.cl\/web\/wp-json\/wp\/v2\/media?parent=5566"}],"wp:term":[{"taxonomy":"category","embeddable":true,"href":"https:\/\/www.radiopresidenteibanez.cl\/web\/wp-json\/wp\/v2\/categories?post=5566"},{"taxonomy":"post_tag","embeddable":true,"href":"https:\/\/www.radiopresidenteibanez.cl\/web\/wp-json\/wp\/v2\/tags?post=5566"}],"curies":[{"name":"wp","href":"https:\/\/api.w.org\/{rel}","templated":true}]}}