{"id":55650,"date":"2025-04-11T18:57:00","date_gmt":"2025-04-11T21:57:00","guid":{"rendered":"https:\/\/www.radiopresidenteibanez.cl\/web\/?p=55650"},"modified":"2025-04-11T11:36:01","modified_gmt":"2025-04-11T14:36:01","slug":"diputado-matheson-analiza-desafios-de-puerto-natales-junto-a-alcaldesa-mayorga","status":"publish","type":"post","link":"https:\/\/www.radiopresidenteibanez.cl\/web\/diputado-matheson-analiza-desafios-de-puerto-natales-junto-a-alcaldesa-mayorga\/","title":{"rendered":"Diputado Matheson analiza desaf\u00edos de Puerto Natales junto a alcaldesa Mayorga"},"content":{"rendered":"\n<p>Una positiva reuni\u00f3n sostuvo la semana pasada el diputado Christian Matheson, junto a la alcaldesa de Puerto Natales, Ana Mayorga, donde el legislador se interioriz\u00f3, principalmente, de las dificultades que hoy enfrenta la municipalidad&nbsp;ante la significativa reducci\u00f3n de presupuesto impuesta por el Ministerio de Hacienda. Una medida que \u201ces herencia de una mala gesti\u00f3n de la administraci\u00f3n anterior y que dificulta el normal desarrollo de la comuna e imposibilita la ejecuci\u00f3n de pol\u00edticas p\u00fablicas importantes para sus vecinos\u201d, dijo el parlamentario.<\/p>\n\n\n\n<p>Para el legislador, la municipalidad natalina \u201cenfrenta desaf\u00edos importantes, al igual que el resto de las comunas de Magallanes, por lo que es importante conocer de la principal autoridad comunal, las principales dificultades que enfrenta hoy el territorio. Y en ese sentido, se hace necesario buscar los mecanismos que permitan hacer que Puerto Natales vuelva a avanzar por la senda del desarrollo\u201d.<\/p>\n\n\n\n<p>El diputado magall\u00e1nico agreg\u00f3 que \u201cla decisi\u00f3n adoptada por el Ministerio de Hacienda, en cuanto a hacer recortes presupuestarios\u201d, agreg\u00f3 el parlamentario magall\u00e1nico, \u201cafecta en mayor medida a las comunas m\u00e1s peque\u00f1as como en el caso de Natales, pues son precisamente \u00e9stas las que m\u00e1s necesitan de los recursos provenientes del Fondo Com\u00fan Municipal para poder satisfacer las demandas de sus habitantes\u201d.<\/p>\n\n\n\n<p>Finaliz\u00f3 se\u00f1alando que \u201cla alcaldesa Ana Mayorga sabe que cuenta con todo mi apoyo y espero por el bien la comuna, que tambi\u00e9n reciba el apoyo de todo el Concejo Municipal, porque los vecinos de Puerto Natales ven en esta administraci\u00f3n, que no s\u00f3lo involucra a la alcaldesa, sino tambi\u00e9n a todos los concejales, la posibilidad de crecer como comunidad y salir del estancamiento en que se ha sumido los \u00faltimos a\u00f1os\u201d.<\/p>\n","protected":false},"excerpt":{"rendered":"<p>Una positiva reuni\u00f3n sostuvo la semana pasada el diputado Christian Matheson, junto a la alcaldesa de Puerto Natales, Ana Mayorga, donde el legislador se interioriz\u00f3, principalmente, de las dificultades que&#8230; <a class=\"read-more\" href=\"https:\/\/www.radiopresidenteibanez.cl\/web\/diputado-matheson-analiza-desafios-de-puerto-natales-junto-a-alcaldesa-mayorga\/\">Leer m\u00e1s<\/a><\/p>\n","protected":false},"author":2,"featured_media":55651,"comment_status":"closed","ping_status":"closed","sticky":false,"template":"","format":"standard","meta":{"footnotes":""},"categories":[1],"tags":[],"class_list":["post-55650","post","type-post","status-publish","format-standard","has-post-thumbnail","hentry","category-cronica"],"_links":{"self":[{"href":"https:\/\/www.radiopresidenteibanez.cl\/web\/wp-json\/wp\/v2\/posts\/55650","targetHints":{"allow":["GET"]}}],"collection":[{"href":"https:\/\/www.radiopresidenteibanez.cl\/web\/wp-json\/wp\/v2\/posts"}],"about":[{"href":"https:\/\/www.radiopresidenteibanez.cl\/web\/wp-json\/wp\/v2\/types\/post"}],"author":[{"embeddable":true,"href":"https:\/\/www.radiopresidenteibanez.cl\/web\/wp-json\/wp\/v2\/users\/2"}],"replies":[{"embeddable":true,"href":"https:\/\/www.radiopresidenteibanez.cl\/web\/wp-json\/wp\/v2\/comments?post=55650"}],"version-history":[{"count":0,"href":"https:\/\/www.radiopresidenteibanez.cl\/web\/wp-json\/wp\/v2\/posts\/55650\/revisions"}],"wp:featuredmedia":[{"embeddable":true,"href":"https:\/\/www.radiopresidenteibanez.cl\/web\/wp-json\/wp\/v2\/media\/55651"}],"wp:attachment":[{"href":"https:\/\/www.radiopresidenteibanez.cl\/web\/wp-json\/wp\/v2\/media?parent=55650"}],"wp:term":[{"taxonomy":"category","embeddable":true,"href":"https:\/\/www.radiopresidenteibanez.cl\/web\/wp-json\/wp\/v2\/categories?post=55650"},{"taxonomy":"post_tag","embeddable":true,"href":"https:\/\/www.radiopresidenteibanez.cl\/web\/wp-json\/wp\/v2\/tags?post=55650"}],"curies":[{"name":"wp","href":"https:\/\/api.w.org\/{rel}","templated":true}]}}