{"id":55615,"date":"2025-04-10T16:16:00","date_gmt":"2025-04-10T19:16:00","guid":{"rendered":"https:\/\/www.radiopresidenteibanez.cl\/web\/?p=55615"},"modified":"2025-04-10T11:19:47","modified_gmt":"2025-04-10T14:19:47","slug":"reinsercion-social-juvenil-fortalece-lazos-con-instituciones-publicas-y-de-la-sociedad-civil-a-3-meses-de-su-llegada-a-magallanes","status":"publish","type":"post","link":"https:\/\/www.radiopresidenteibanez.cl\/web\/reinsercion-social-juvenil-fortalece-lazos-con-instituciones-publicas-y-de-la-sociedad-civil-a-3-meses-de-su-llegada-a-magallanes\/","title":{"rendered":"Reinserci\u00f3n Social Juvenil fortalece lazos con instituciones p\u00fablicas y de la sociedad civil a 3 meses de su llegada a Magallanes"},"content":{"rendered":"\n<p>Este martes 8 de abril, el Servicio Nacional de Reinserci\u00f3n Social Juvenil desarroll\u00f3 una serie de actividades y reuniones con distintos sectores, tanto p\u00fablicos como privados de la regi\u00f3n de Magallanes, a fin de fortalecer los lazos entre las instituciones que son parte del sistema de Justicia Juvenil.<\/p>\n\n\n\n<p>En ese marco, la directora nacional del Servicio, Roc\u00edo Fa\u00fandez, junto al director regional de la instituci\u00f3n, C\u00e9sar Montiel, sostuvieron una nutrida agenda con diversas instituciones para avanzar en un trabajo conjunto para favorecer los procesos de cambios de las y los j\u00f3venes en conflicto con la justicia.<\/p>\n\n\n\n<p>Dentro de las actividades sostenidas durante la jornada, se destaca la inauguraci\u00f3n del Centro de Cumplimiento de la Corporaci\u00f3n Opci\u00f3n, el cual constituye en un espacio que cuenta con condiciones de infraestructura \u00f3ptimas para ejecutar una intervenci\u00f3n de calidad, con equipos t\u00e9cnicos especializados en el abordaje y ejecuci\u00f3n de las medidas y sanciones decretadas a los j\u00f3venes, que se suma adem\u00e1s a la inauguraci\u00f3n de una sala inteligente en el Centro de Cumplimiento Juvenil con Internaci\u00f3n Provisoria (IP) e Internaci\u00f3n con R\u00e9gimen Cerrado (IRC), que tendr\u00e1 nuevos equipos gracias al aporte realizado por el Ministerio de Educaci\u00f3n.<\/p>\n\n\n\n<p>Para la secretaria regional ministerial de Justicia y Derechos Humanos de Magallanes, Michelle Peutat, es fundamental el trabajo articulado entre los distintos sectores de la sociedad, tanto p\u00fablicos como privados.<\/p>\n\n\n\n<p>\u201cLa inauguraci\u00f3n de la casa de Corporaci\u00f3n Opci\u00f3n; la entrega de implementos deportivos del IND al centro IP-IRC; y la firma de convenios de colaboraci\u00f3n con instituciones p\u00fablicas y privadas, permiten que los j\u00f3venes cuenten con herramientas que los alejen de los factores de riesgo que los llevaron a cometer delitos. Esto releva el compromiso del gobierno del Presidente Gabriel Boric con una visi\u00f3n de la seguridad entendida en un sentido amplio, que abarca no solo el cumplimiento de una pena, sino tambi\u00e9n la disminuci\u00f3n de los factores de vulnerabilidad asociados a la comisi\u00f3n de delitos\u201d, sostuvo la seremi de Justicia.<\/p>\n\n\n\n<p>Por su parte, la directora del Servicio Nacional de Reinserci\u00f3n Social Juvenil, Roc\u00edo Fa\u00fandez, valor\u00f3 la disposici\u00f3n de las instituciones por aportar en los procesos de cambio, destacando que \u201cestamos muy satisfechas con las acciones que las distintas instituciones de la regi\u00f3n est\u00e1n adoptando para aportar a las potencialidades que los j\u00f3venes han ido desarrollando. Es un ejemplo que se debe replicar a nivel nacional, pues la reinserci\u00f3n social de los j\u00f3venes es posible y es una necesidad si queremos construir una sociedad m\u00e1s cohesionada y segura\u201d.<\/p>\n\n\n\n<p>En esa l\u00ednea, otro hito destacado durante la jornada fue la firma de convenios que buscan promover oportunidades laborales para los j\u00f3venes en reinserci\u00f3n, tal como el suscrito con el Servicio Nacional de Capacitaci\u00f3n y Empleo (Sence).<\/p>\n\n\n\n<p>Para la Seremi del Trabajo de la regi\u00f3n de Magallanes, Doris Sandoval, a trav\u00e9s de Sence se est\u00e1 formando \u201cun circuito y trayectoria que esperamos sea virtuosa, para contribuir con un granito de arena en la recuperaci\u00f3n de los proyectos de vida de las y los j\u00f3venes magall\u00e1nicos. Como cartera del Trabajo hemos trabajado intensamente para que ese proceso de reinserci\u00f3n tambi\u00e9n se encuentre en un ambiente laboral con condiciones decentes y dignas\u201d, sostuvo.<\/p>\n\n\n\n<p>Cabe destacar que el Servicio Nacional de Reinserci\u00f3n Social Juvenil inici\u00f3 formalmente sus acciones en la regi\u00f3n de Magallanes el d\u00eda 13 de enero del presente a\u00f1o, en el contexto del segundo proceso de implementaci\u00f3n del Servicio. El a\u00f1o 2026 ser\u00e1 la tercera y \u00faltima etapa de implementaci\u00f3n, cuando el servicio llegue hasta la zona central, incorporando las regiones de Valpara\u00edso, O\u00b4Higgins y la Regi\u00f3n Metropolitana.<\/p>\n","protected":false},"excerpt":{"rendered":"<p>Este martes 8 de abril, el Servicio Nacional de Reinserci\u00f3n Social Juvenil desarroll\u00f3 una serie de actividades y reuniones con distintos sectores, tanto p\u00fablicos como privados de la regi\u00f3n de&#8230; <a class=\"read-more\" href=\"https:\/\/www.radiopresidenteibanez.cl\/web\/reinsercion-social-juvenil-fortalece-lazos-con-instituciones-publicas-y-de-la-sociedad-civil-a-3-meses-de-su-llegada-a-magallanes\/\">Leer m\u00e1s<\/a><\/p>\n","protected":false},"author":2,"featured_media":55616,"comment_status":"closed","ping_status":"closed","sticky":false,"template":"","format":"standard","meta":{"footnotes":""},"categories":[1],"tags":[],"class_list":["post-55615","post","type-post","status-publish","format-standard","has-post-thumbnail","hentry","category-cronica"],"_links":{"self":[{"href":"https:\/\/www.radiopresidenteibanez.cl\/web\/wp-json\/wp\/v2\/posts\/55615","targetHints":{"allow":["GET"]}}],"collection":[{"href":"https:\/\/www.radiopresidenteibanez.cl\/web\/wp-json\/wp\/v2\/posts"}],"about":[{"href":"https:\/\/www.radiopresidenteibanez.cl\/web\/wp-json\/wp\/v2\/types\/post"}],"author":[{"embeddable":true,"href":"https:\/\/www.radiopresidenteibanez.cl\/web\/wp-json\/wp\/v2\/users\/2"}],"replies":[{"embeddable":true,"href":"https:\/\/www.radiopresidenteibanez.cl\/web\/wp-json\/wp\/v2\/comments?post=55615"}],"version-history":[{"count":0,"href":"https:\/\/www.radiopresidenteibanez.cl\/web\/wp-json\/wp\/v2\/posts\/55615\/revisions"}],"wp:featuredmedia":[{"embeddable":true,"href":"https:\/\/www.radiopresidenteibanez.cl\/web\/wp-json\/wp\/v2\/media\/55616"}],"wp:attachment":[{"href":"https:\/\/www.radiopresidenteibanez.cl\/web\/wp-json\/wp\/v2\/media?parent=55615"}],"wp:term":[{"taxonomy":"category","embeddable":true,"href":"https:\/\/www.radiopresidenteibanez.cl\/web\/wp-json\/wp\/v2\/categories?post=55615"},{"taxonomy":"post_tag","embeddable":true,"href":"https:\/\/www.radiopresidenteibanez.cl\/web\/wp-json\/wp\/v2\/tags?post=55615"}],"curies":[{"name":"wp","href":"https:\/\/api.w.org\/{rel}","templated":true}]}}