{"id":55612,"date":"2025-04-10T14:57:00","date_gmt":"2025-04-10T17:57:00","guid":{"rendered":"https:\/\/www.radiopresidenteibanez.cl\/web\/?p=55612"},"modified":"2025-04-10T11:12:33","modified_gmt":"2025-04-10T14:12:33","slug":"seremi-de-energia-participa-en-seminario-sobre-actualizacion-de-normativa-y-regulaciones-para-el-hidrogeno-verde","status":"publish","type":"post","link":"https:\/\/www.radiopresidenteibanez.cl\/web\/seremi-de-energia-participa-en-seminario-sobre-actualizacion-de-normativa-y-regulaciones-para-el-hidrogeno-verde\/","title":{"rendered":"Seremi de Energ\u00eda participa en seminario sobre actualizaci\u00f3n de normativa y regulaciones para el hidr\u00f3geno verde"},"content":{"rendered":"\n<p>En el sal\u00f3n auditorio del CADI de la Universidad de Magallanes se desarroll\u00f3 esta ma\u00f1ana la primera sesi\u00f3n del Comit\u00e9 Gestor del Eje Nro. 5, \u201cNormativa y Regulaciones\u201d, que lleva adelante el programa Transforma Regional de Corfo.<\/p>\n\n\n\n<p>La instancia, organizada&nbsp;por el programa Transforma, junto al Ministerio de Energ\u00eda, la Superintendencia de Electricidad y Combustibles (SEC), y la Universidad de Magallanes, cont\u00f3 con la participaci\u00f3n de exponentes del nivel central, quienes dialogaron sobre el Reglamento de Seguridad para Instalaciones de Hidr\u00f3geno (D.S. 13) y la Gu\u00eda de Apoyo para la Autorizaci\u00f3n de Proyectos Especiales de Hidr\u00f3geno. La actividad cont\u00f3 tambi\u00e9n con la presencia de empresas del sector energ\u00e9tico renovable, y de acad\u00e9micos de la Universidad de Magallanes y de su Facultad de Ingenier\u00eda.<\/p>\n\n\n\n<p><strong>IMPORTANCIA DEL MARCO REGULATORIO &nbsp;<\/strong><\/p>\n\n\n\n<p>En la ocasi\u00f3n, el seremi de Energ\u00eda de Magallanes, Sergio Cuiti\u00f1o, celebr\u00f3 el encuentro en donde se realiz\u00f3 una actualizaci\u00f3n de los avances en materias normativas, que son parte del Plan de Acci\u00f3n de Hidr\u00f3geno Verde y que buscan habilitar los marcos regulatorios necesarios para el desarrollo de la industria en la regi\u00f3n, recalc\u00f3 que \u201cla presencia de la academia, la industria y el sector p\u00fablico son de mucha importancia, ya que la interacci\u00f3n y discusi\u00f3n que se da en estas instancias ayudan a ampliar la visi\u00f3n, complementar y perfeccionar estos marcos normativos y reglamentarios\u201d, sostuvo.<\/p>\n\n\n\n<p>La autoridad regional de Energ\u00eda destac\u00f3 la importancia de la cita por el aporte que significa \u201cir dialogando y recogiendo observaciones para generar un marco normativo robusto y, a la vez, capaz de adaptarse a los cambios y escenarios que se viven en Chile y el mundo. Estas regulaciones, tan necesarias para la instalaci\u00f3n de una industria -como la del hidr\u00f3geno verde- son fundamentales para un correcto despliegue\u201d.<\/p>\n\n\n\n<p>En este sentido, el seremi Cuiti\u00f1o sostuvo que para el gobierno del presidente Gabriel Boric \u201cavanzar en una legislaci\u00f3n y regulaci\u00f3n s\u00f3lida, tiene por objetivo central, generar crecimiento sostenible y con ello, mejorar la calidad de vida de las personas\u201d, subray\u00f3.&nbsp;<\/p>\n\n\n\n<p>Por su parte, la Directora Regional de la SEC Magallanes, Fernanda Garrido, manifest\u00f3 la importancia que la Superintendencia le asigna al territorio y a las particularidades de cada regi\u00f3n. Es por ello que, profesionales de la unidad t\u00e9cnica de la SEC, expusieron todo lo relacionado al Decreto Supremo 13 (D.S. 13) y sobre los proyectos especiales que nos caben en el Decreto Supremo, pero que de todas maneras deben ser ingresados en la SEC para su correcto registro\u201d.<\/p>\n\n\n\n<p>Asimismo, Garrido dijo estar muy contenta por la oportunidad que el programa Transforma les brind\u00f3 de poder visualizar y entregar todo el conocimiento que estamos adquiriendo como Superintendencia y que queremos fortalecer para que las instalaciones sean seguras y estrat\u00e9gicamente posibles en la regi\u00f3n de Magallanes.<\/p>\n\n\n\n<p>Finalmente, el evento de regulaci\u00f3n cont\u00f3 con la presentaci\u00f3n de la Directora Garrido, quien expuso sobre los proyectos autorizados por la SEC que ya se encuentran operando en el pa\u00eds.&nbsp;&nbsp;<strong>&nbsp;<\/strong><\/p>\n","protected":false},"excerpt":{"rendered":"<p>En el sal\u00f3n auditorio del CADI de la Universidad de Magallanes se desarroll\u00f3 esta ma\u00f1ana la primera sesi\u00f3n del Comit\u00e9 Gestor del Eje Nro. 5, \u201cNormativa y Regulaciones\u201d, que lleva&#8230; <a class=\"read-more\" href=\"https:\/\/www.radiopresidenteibanez.cl\/web\/seremi-de-energia-participa-en-seminario-sobre-actualizacion-de-normativa-y-regulaciones-para-el-hidrogeno-verde\/\">Leer m\u00e1s<\/a><\/p>\n","protected":false},"author":2,"featured_media":55613,"comment_status":"closed","ping_status":"closed","sticky":false,"template":"","format":"standard","meta":{"footnotes":""},"categories":[1],"tags":[],"class_list":["post-55612","post","type-post","status-publish","format-standard","has-post-thumbnail","hentry","category-cronica"],"_links":{"self":[{"href":"https:\/\/www.radiopresidenteibanez.cl\/web\/wp-json\/wp\/v2\/posts\/55612","targetHints":{"allow":["GET"]}}],"collection":[{"href":"https:\/\/www.radiopresidenteibanez.cl\/web\/wp-json\/wp\/v2\/posts"}],"about":[{"href":"https:\/\/www.radiopresidenteibanez.cl\/web\/wp-json\/wp\/v2\/types\/post"}],"author":[{"embeddable":true,"href":"https:\/\/www.radiopresidenteibanez.cl\/web\/wp-json\/wp\/v2\/users\/2"}],"replies":[{"embeddable":true,"href":"https:\/\/www.radiopresidenteibanez.cl\/web\/wp-json\/wp\/v2\/comments?post=55612"}],"version-history":[{"count":0,"href":"https:\/\/www.radiopresidenteibanez.cl\/web\/wp-json\/wp\/v2\/posts\/55612\/revisions"}],"wp:featuredmedia":[{"embeddable":true,"href":"https:\/\/www.radiopresidenteibanez.cl\/web\/wp-json\/wp\/v2\/media\/55613"}],"wp:attachment":[{"href":"https:\/\/www.radiopresidenteibanez.cl\/web\/wp-json\/wp\/v2\/media?parent=55612"}],"wp:term":[{"taxonomy":"category","embeddable":true,"href":"https:\/\/www.radiopresidenteibanez.cl\/web\/wp-json\/wp\/v2\/categories?post=55612"},{"taxonomy":"post_tag","embeddable":true,"href":"https:\/\/www.radiopresidenteibanez.cl\/web\/wp-json\/wp\/v2\/tags?post=55612"}],"curies":[{"name":"wp","href":"https:\/\/api.w.org\/{rel}","templated":true}]}}