{"id":55607,"date":"2025-04-10T13:06:00","date_gmt":"2025-04-10T16:06:00","guid":{"rendered":"https:\/\/www.radiopresidenteibanez.cl\/web\/?p=55607"},"modified":"2025-04-10T09:41:28","modified_gmt":"2025-04-10T12:41:28","slug":"consejero-rodolfo-cardenas-expreso-su-pesar-por-retraso-en-proyecto-del-borde-costero-de-porvenir","status":"publish","type":"post","link":"https:\/\/www.radiopresidenteibanez.cl\/web\/consejero-rodolfo-cardenas-expreso-su-pesar-por-retraso-en-proyecto-del-borde-costero-de-porvenir\/","title":{"rendered":"Consejero Rodolfo C\u00e1rdenas expres\u00f3 su pesar por retraso en proyecto del borde costero de Porvenir"},"content":{"rendered":"\n<p>El consejero regional, representante en el CORE de la Provincia de Tierra del Fuego, Rodolfo C\u00e1rdenas, manifest\u00f3 su inquietud ante el significativo retraso en el proyecto de mejoramiento del borde costero de Porvenir, obra impulsada por el Ministerio de Obras P\u00fablicas (MOP) a trav\u00e9s de la Direcci\u00f3n de Obras Portuarias.<\/p>\n\n\n\n<p>De acuerdo a lo informado por dicha direcci\u00f3n, la postergaci\u00f3n se debe a la falta de condiciones t\u00e9cnicas para avanzar en la ejecuci\u00f3n del proyecto. Frente a esta situaci\u00f3n, C\u00e1rdenas calific\u00f3 como \u00ablamentable\u00bb el impacto que este retraso tiene en el desarrollo de Tierra del Fuego, subrayando la relevancia de esta iniciativa tanto para la conservaci\u00f3n como para el mejoramiento del entorno costero fueguino.<\/p>\n\n\n\n<p>\u201cEs una obra muy importante para la comuna y forma parte de los compromisos asumidos por las autoridades regionales. Adem\u00e1s, est\u00e1 contemplada en el convenio de programaci\u00f3n entre el Gobierno Regional y el MOP, por lo que es vital que estos compromisos se cumplan\u201d, se\u00f1al\u00f3 el consejero.<\/p>\n\n\n\n<p>C\u00e1rdenas inform\u00f3 que ya expres\u00f3 su preocupaci\u00f3n directamente al director regional de Obras Portuarias, esperando que exista la voluntad necesaria para sacar adelante esta iniciativa. \u201cSe deben cumplir los compromisos asumidos, tanto con la ciudadan\u00eda como con el convenio de programaci\u00f3n\u201d, subray\u00f3.<\/p>\n","protected":false},"excerpt":{"rendered":"<p>El consejero regional, representante en el CORE de la Provincia de Tierra del Fuego, Rodolfo C\u00e1rdenas, manifest\u00f3 su inquietud ante el significativo retraso en el proyecto de mejoramiento del borde&#8230; <a class=\"read-more\" href=\"https:\/\/www.radiopresidenteibanez.cl\/web\/consejero-rodolfo-cardenas-expreso-su-pesar-por-retraso-en-proyecto-del-borde-costero-de-porvenir\/\">Leer m\u00e1s<\/a><\/p>\n","protected":false},"author":2,"featured_media":55608,"comment_status":"closed","ping_status":"closed","sticky":false,"template":"","format":"standard","meta":{"footnotes":""},"categories":[1],"tags":[],"class_list":["post-55607","post","type-post","status-publish","format-standard","has-post-thumbnail","hentry","category-cronica"],"_links":{"self":[{"href":"https:\/\/www.radiopresidenteibanez.cl\/web\/wp-json\/wp\/v2\/posts\/55607","targetHints":{"allow":["GET"]}}],"collection":[{"href":"https:\/\/www.radiopresidenteibanez.cl\/web\/wp-json\/wp\/v2\/posts"}],"about":[{"href":"https:\/\/www.radiopresidenteibanez.cl\/web\/wp-json\/wp\/v2\/types\/post"}],"author":[{"embeddable":true,"href":"https:\/\/www.radiopresidenteibanez.cl\/web\/wp-json\/wp\/v2\/users\/2"}],"replies":[{"embeddable":true,"href":"https:\/\/www.radiopresidenteibanez.cl\/web\/wp-json\/wp\/v2\/comments?post=55607"}],"version-history":[{"count":0,"href":"https:\/\/www.radiopresidenteibanez.cl\/web\/wp-json\/wp\/v2\/posts\/55607\/revisions"}],"wp:featuredmedia":[{"embeddable":true,"href":"https:\/\/www.radiopresidenteibanez.cl\/web\/wp-json\/wp\/v2\/media\/55608"}],"wp:attachment":[{"href":"https:\/\/www.radiopresidenteibanez.cl\/web\/wp-json\/wp\/v2\/media?parent=55607"}],"wp:term":[{"taxonomy":"category","embeddable":true,"href":"https:\/\/www.radiopresidenteibanez.cl\/web\/wp-json\/wp\/v2\/categories?post=55607"},{"taxonomy":"post_tag","embeddable":true,"href":"https:\/\/www.radiopresidenteibanez.cl\/web\/wp-json\/wp\/v2\/tags?post=55607"}],"curies":[{"name":"wp","href":"https:\/\/api.w.org\/{rel}","templated":true}]}}