{"id":55604,"date":"2025-04-10T11:49:00","date_gmt":"2025-04-10T14:49:00","guid":{"rendered":"https:\/\/www.radiopresidenteibanez.cl\/web\/?p=55604"},"modified":"2025-04-10T09:37:36","modified_gmt":"2025-04-10T12:37:36","slug":"senadis-capacito-a-gendarmeria-en-ayudas-tecnicas-para-privados-de-libertad-con-discapacidad","status":"publish","type":"post","link":"https:\/\/www.radiopresidenteibanez.cl\/web\/senadis-capacito-a-gendarmeria-en-ayudas-tecnicas-para-privados-de-libertad-con-discapacidad\/","title":{"rendered":"SENADIS CAPACIT\u00d3 A GENDARMER\u00cdA EN AYUDAS T\u00c9CNICAS PARA PRIVADOS DE LIBERTAD CON DISCAPACIDAD"},"content":{"rendered":"\n<p>El Servicio Nacional de la Discapacidad (Senadis), dio a conocer los programas que dan apoyo a personas en situaci\u00f3n de discapacidad que requieran de insumos o implementos para mejorar su calidad de vida, o prevenir el avance de enfermedades.<\/p>\n\n\n\n<p>As\u00ed lo explic\u00f3 Bernarda Cares Coronado, directora regional de Senadis, quien capacit\u00f3 a funcionarios de salud y del \u00e1rea t\u00e9cnica de Gendarmer\u00eda en los mecanismos de postulaci\u00f3n, requisitos y el cat\u00e1logo de ayudas t\u00e9cnicas 2025 del servicio que dirige.<\/p>\n\n\n\n<p>De esta manera, personas bajo custodia de Gendarmer\u00eda, tendr\u00e1n la posibilidad de postular a estos beneficios y adquirir elementos que los ayuden a tener mejores condiciones de vida.<\/p>\n\n\n\n<p>Por parte de Gendarmer\u00eda, su encargado regional de Derechos Humanos (DD.HH)., Mario Saavedra Santana, manifest\u00f3 que \u201ccon esto, se busca fortalecer el respeto y la promoci\u00f3n de los derechos humanos al interior de los recintos penitenciarios\u201d, valorando adem\u00e1s la relevancia de generar espacios de formaci\u00f3n continua que promuevan la inclusi\u00f3n y la dignidad de todas las personas, sin distinci\u00f3n.<\/p>\n\n\n\n<p>Actualmente, en la regi\u00f3n de Magallanes hay un total de 14 personas privadas de libertad inscritos en el Registro Nacional de la Discapacidad que podr\u00edan beneficiarse de este trabajo conjunto con Senadis, explic\u00f3 el encargado regional de DD.HH. de Gendarmer\u00eda.<\/p>\n","protected":false},"excerpt":{"rendered":"<p>El Servicio Nacional de la Discapacidad (Senadis), dio a conocer los programas que dan apoyo a personas en situaci\u00f3n de discapacidad que requieran de insumos o implementos para mejorar su&#8230; <a class=\"read-more\" href=\"https:\/\/www.radiopresidenteibanez.cl\/web\/senadis-capacito-a-gendarmeria-en-ayudas-tecnicas-para-privados-de-libertad-con-discapacidad\/\">Leer m\u00e1s<\/a><\/p>\n","protected":false},"author":2,"featured_media":55605,"comment_status":"closed","ping_status":"closed","sticky":false,"template":"","format":"standard","meta":{"footnotes":""},"categories":[1],"tags":[],"class_list":["post-55604","post","type-post","status-publish","format-standard","has-post-thumbnail","hentry","category-cronica"],"_links":{"self":[{"href":"https:\/\/www.radiopresidenteibanez.cl\/web\/wp-json\/wp\/v2\/posts\/55604","targetHints":{"allow":["GET"]}}],"collection":[{"href":"https:\/\/www.radiopresidenteibanez.cl\/web\/wp-json\/wp\/v2\/posts"}],"about":[{"href":"https:\/\/www.radiopresidenteibanez.cl\/web\/wp-json\/wp\/v2\/types\/post"}],"author":[{"embeddable":true,"href":"https:\/\/www.radiopresidenteibanez.cl\/web\/wp-json\/wp\/v2\/users\/2"}],"replies":[{"embeddable":true,"href":"https:\/\/www.radiopresidenteibanez.cl\/web\/wp-json\/wp\/v2\/comments?post=55604"}],"version-history":[{"count":0,"href":"https:\/\/www.radiopresidenteibanez.cl\/web\/wp-json\/wp\/v2\/posts\/55604\/revisions"}],"wp:featuredmedia":[{"embeddable":true,"href":"https:\/\/www.radiopresidenteibanez.cl\/web\/wp-json\/wp\/v2\/media\/55605"}],"wp:attachment":[{"href":"https:\/\/www.radiopresidenteibanez.cl\/web\/wp-json\/wp\/v2\/media?parent=55604"}],"wp:term":[{"taxonomy":"category","embeddable":true,"href":"https:\/\/www.radiopresidenteibanez.cl\/web\/wp-json\/wp\/v2\/categories?post=55604"},{"taxonomy":"post_tag","embeddable":true,"href":"https:\/\/www.radiopresidenteibanez.cl\/web\/wp-json\/wp\/v2\/tags?post=55604"}],"curies":[{"name":"wp","href":"https:\/\/api.w.org\/{rel}","templated":true}]}}