{"id":55601,"date":"2025-04-10T10:39:00","date_gmt":"2025-04-10T13:39:00","guid":{"rendered":"https:\/\/www.radiopresidenteibanez.cl\/web\/?p=55601"},"modified":"2025-04-10T09:23:11","modified_gmt":"2025-04-10T12:23:11","slug":"registro-civil-potencia-atenciones-en-terreno-entoda-la-region-con-nuevas-maletas-de-atencion","status":"publish","type":"post","link":"https:\/\/www.radiopresidenteibanez.cl\/web\/registro-civil-potencia-atenciones-en-terreno-entoda-la-region-con-nuevas-maletas-de-atencion\/","title":{"rendered":"REGISTRO CIVIL POTENCIA ATENCIONES EN TERRENO ENTODA LA REGI\u00d3N CON NUEVAS MALETAS DE ATENCI\u00d3N"},"content":{"rendered":"\n<p>Para fortalecer el acceso a la justicia a los habitantes de la regi\u00f3n es imperativo llegar a todos los<br>rincones de su territorio. De ah\u00ed que para la Directora Regional del Servicio de Registro Civil e<br>Identificaci\u00f3n, Lorena Bustamante N\u00fa\u00f1ez, la incorporaci\u00f3n de sus nuevas maletas m\u00f3viles de<br>atenci\u00f3n constituye un componente esencial para potenciar su labor en terreno.<br>\u201cEs una mejora importante, son m\u00e1s peque\u00f1as, m\u00e1s funcionales y m\u00e1s f\u00e1ciles de cargar, tiene<br>ruedas y es mucho m\u00e1s f\u00e1cil de maniobrar\u201d, destaca la profesional. Este equipamiento, inserto<br>dentro de la actual modernizaci\u00f3n del servicio, permite la captura de c\u00e9dulas y pasaportes en<br>terreno, adem\u00e1s de la entrega de c\u00f3digos para Clave \u00danica. Adem\u00e1s de su menor peso (15 kilos),<br>la maleta viene provista de diversos implementos como una c\u00e1mara digital, lector de huellas,<br>impresora port\u00e1til, un tel\u00f3n retr\u00e1ctil, notebook con router y dispositivo de pago.<br>Se\u00f1ala que en enero se renovaron las maletas, recibiendo ocho equipos completos, de los cuales<br>se destinaron cuatro a su direcci\u00f3n regional para el equipo de terreno y una maleta disponible<br>para cada oficina provincial. Todo ese mes estuvieron en un extenso periodo de prueba y ajuste en<br>t\u00e9rminos de la conectividad, quedando alineadas con el Nuevo Sistema de Identificaci\u00f3n. En<br>febrero se hizo efectiva su entrega a las oficinas de Porvenir, Natales y Puerto Williams. \u201cNuestro<br>territorio requiere tambi\u00e9n una conectividad mucho mayor, siempre es un desaf\u00edo el tema de la<br>conectividad, en especial en aquellos lugares apartados de la regi\u00f3n\u201d, menciona la Directora, lo<br>que implica un permanente monitoreo de su funcionamiento.<br>En su objetivo de llegar al territorio y a todas las personas que lo requieren, y hasta el momento<br>han podido responder sin problemas con dicho equipamiento, atendiendo a personas enfermas,<br>postradas, cuidadores y tambi\u00e9n participar de las actividades en terreno que organizan otros<br>actores en diferentes territorios, con muchas m\u00e1s posibilidades hoy de poder asistir, mantenerse<br>interrelacionados y participar en instancias ciudadanas (Gobiernos en Terreno, Plazas Ciudadanas,<br>Plazas de Justicia).<br>Resalta que este a\u00f1o ya registran dos instancias territoriales en Cabo de Hornos, como un in\u00e9dito<br>Gobierno en terreno en aquella comuna. Asimismo, en Natales y Porvenir no solo atienden a<br>usuarios en sus casas o enfermos, sino que tambi\u00e9n despliegan todo un trabajo con Gendarmer\u00eda<\/p>\n\n\n\n<p>en el tema penal, en base a requerimientos de los tribunales para atender y sacar documentos a<br>personas privadas de libertad.<br>La Seremi de Justicia y Derechos Humanos, Michelle Peutat Alvarado, subraya este fortalecimiento<br>del Registro Civil que lo mantiene a la vanguardia en materia de atenciones en terreno: aqu\u00ed se<br>aprecian ventajas sustanciales como la calidad de imagen y mejor conectividad de las nuevas<br>maletas m\u00f3viles, pudiendo llegar a una mayor cantidad de usuarios. Todo ello, sin olvidar la<br>disposici\u00f3n y compromiso de los funcionarios y funcionarias a cargo de manejar este<br>equipamiento, cuya tarea incluso se extiende m\u00e1s all\u00e1 de su horario habitual.<br>A modo de novedad, finalmente la Directora Regional destaca que esta semana recibir\u00e1n tres<br>tablets para la direcci\u00f3n regional, que funcionan con la misma idea que la malet: \u201cen el fondo,<br>poder entregar c\u00e9dula pasaporte y Clave \u00danica para personas con a\u00fan mayor movilidad reducida.<br>Pese a que la maleta otorga bastante posibilidad de maniobra, se da el caso de personas<br>demasiado limitadas en movimiento, entonces nos va a permitir una captura de sus huellas de una<br>manera mucho m\u00e1s \u00e1gil\u201d.<\/p>\n","protected":false},"excerpt":{"rendered":"<p>Para fortalecer el acceso a la justicia a los habitantes de la regi\u00f3n es imperativo llegar a todos losrincones de su territorio. De ah\u00ed que para la Directora Regional del&#8230; <a class=\"read-more\" href=\"https:\/\/www.radiopresidenteibanez.cl\/web\/registro-civil-potencia-atenciones-en-terreno-entoda-la-region-con-nuevas-maletas-de-atencion\/\">Leer m\u00e1s<\/a><\/p>\n","protected":false},"author":2,"featured_media":55602,"comment_status":"closed","ping_status":"closed","sticky":false,"template":"","format":"standard","meta":{"footnotes":""},"categories":[1],"tags":[],"class_list":["post-55601","post","type-post","status-publish","format-standard","has-post-thumbnail","hentry","category-cronica"],"_links":{"self":[{"href":"https:\/\/www.radiopresidenteibanez.cl\/web\/wp-json\/wp\/v2\/posts\/55601","targetHints":{"allow":["GET"]}}],"collection":[{"href":"https:\/\/www.radiopresidenteibanez.cl\/web\/wp-json\/wp\/v2\/posts"}],"about":[{"href":"https:\/\/www.radiopresidenteibanez.cl\/web\/wp-json\/wp\/v2\/types\/post"}],"author":[{"embeddable":true,"href":"https:\/\/www.radiopresidenteibanez.cl\/web\/wp-json\/wp\/v2\/users\/2"}],"replies":[{"embeddable":true,"href":"https:\/\/www.radiopresidenteibanez.cl\/web\/wp-json\/wp\/v2\/comments?post=55601"}],"version-history":[{"count":0,"href":"https:\/\/www.radiopresidenteibanez.cl\/web\/wp-json\/wp\/v2\/posts\/55601\/revisions"}],"wp:featuredmedia":[{"embeddable":true,"href":"https:\/\/www.radiopresidenteibanez.cl\/web\/wp-json\/wp\/v2\/media\/55602"}],"wp:attachment":[{"href":"https:\/\/www.radiopresidenteibanez.cl\/web\/wp-json\/wp\/v2\/media?parent=55601"}],"wp:term":[{"taxonomy":"category","embeddable":true,"href":"https:\/\/www.radiopresidenteibanez.cl\/web\/wp-json\/wp\/v2\/categories?post=55601"},{"taxonomy":"post_tag","embeddable":true,"href":"https:\/\/www.radiopresidenteibanez.cl\/web\/wp-json\/wp\/v2\/tags?post=55601"}],"curies":[{"name":"wp","href":"https:\/\/api.w.org\/{rel}","templated":true}]}}