{"id":5560,"date":"2019-07-05T14:52:54","date_gmt":"2019-07-05T14:52:54","guid":{"rendered":"http:\/\/www.radiopresidenteibanez.cl\/web\/?p=5560"},"modified":"2019-07-05T14:53:36","modified_gmt":"2019-07-05T14:53:36","slug":"senadora-goic-por-la-ley-de-imprescriptibilidad-ningun-delito-de-abuso-sexual-contra-un-nino-o-nina-quedara-en-impunidad","status":"publish","type":"post","link":"https:\/\/www.radiopresidenteibanez.cl\/web\/senadora-goic-por-la-ley-de-imprescriptibilidad-ningun-delito-de-abuso-sexual-contra-un-nino-o-nina-quedara-en-impunidad\/","title":{"rendered":"SENADORA GOIC POR LA LEY DE IMPRESCRIPTIBILIDAD \u201cNING\u00daN DELITO DE ABUSO SEXUAL CONTRA UN NI\u00d1O O NI\u00d1A QUEDAR\u00c1 EN IMPUNIDAD\u201d"},"content":{"rendered":"\n<p>A\npunto de convertirse en ley de la rep\u00fablica qued\u00f3 proyecto que declara\nimprescriptibles los delitos sexuales contra menores de edad, lo que a juicio\nde la senadora Carolina Goic marcar\u00e1 un antes y un despu\u00e9s en nuestra justicia,\nya que quien cometa un abuso con un ni\u00f1o o ni\u00f1a ser\u00e1 perseguido penalmente de\npor vida, sin importar cuanto tiempo pase. <\/p>\n\n\n\n<p>\u201cEste\nproyecto que pronto se convertir\u00e1 en ley lo que hace es poner a los ni\u00f1os y\nni\u00f1as primero, ya que las situaciones de abuso de delitos contra ellos ser\u00e1n\nimprescriptibles, es lo que hemos impulsado con fuerza durante este tiempo\u201d,\nse\u00f1al\u00f3 la senadora Carolina Goic, luego de que esta iniciativa cumpliera el \u00faltimo\ntr\u00e1mite en el Congreso Nacional.<\/p>\n\n\n\n<p>La\nsenadora magall\u00e1nica agreg\u00f3 que esta nueva ley en la cual trabajaron con\nv\u00edctimas y organizaciones, se\u00f1ala que no est\u00e1n limitados los plazos de\nprescripci\u00f3n para perseguir penalmente a los agresores, \u201cde esta manera las\nv\u00edctimas podr\u00e1n denunciar en tribunales cuando se sientan preparadas, sin l\u00edmite\nde tiempo\u201d, explic\u00f3.<\/p>\n\n\n\n<p>Goic destac\u00f3 la generosidad de quienes expusieron los relatos m\u00e1s \u00edntimos y dolorosos, para que la sociedad los conociera y resalt\u00f3 el alcance de los acuerdos \u201cpara hacernos cargo de los dolores de nuestra sociedad. El paso que hoy damos pone a las victimas al centro\u201d, concluy\u00f3.<\/p>\n\n\n\n<figure class=\"wp-block-image\"><img loading=\"lazy\" decoding=\"async\" width=\"1024\" height=\"640\" src=\"https:\/\/www.radiopresidenteibanez.cl\/web\/wp-content\/uploads\/2019\/07\/goic-1024x640.jpg\" alt=\"\" class=\"wp-image-5561\" srcset=\"https:\/\/www.radiopresidenteibanez.cl\/web\/wp-content\/uploads\/2019\/07\/goic-1024x640.jpg 1024w, https:\/\/www.radiopresidenteibanez.cl\/web\/wp-content\/uploads\/2019\/07\/goic-300x187.jpg 300w, https:\/\/www.radiopresidenteibanez.cl\/web\/wp-content\/uploads\/2019\/07\/goic-768x480.jpg 768w, https:\/\/www.radiopresidenteibanez.cl\/web\/wp-content\/uploads\/2019\/07\/goic.jpg 1140w\" sizes=\"auto, (max-width: 1024px) 100vw, 1024px\" \/><\/figure>\n","protected":false},"excerpt":{"rendered":"<p>A punto de convertirse en ley de la rep\u00fablica qued\u00f3 proyecto que declara imprescriptibles los delitos sexuales contra menores de edad, lo que a juicio de la senadora Carolina Goic&#8230; <a class=\"read-more\" href=\"https:\/\/www.radiopresidenteibanez.cl\/web\/senadora-goic-por-la-ley-de-imprescriptibilidad-ningun-delito-de-abuso-sexual-contra-un-nino-o-nina-quedara-en-impunidad\/\">Leer m\u00e1s<\/a><\/p>\n","protected":false},"author":2,"featured_media":5561,"comment_status":"closed","ping_status":"closed","sticky":false,"template":"","format":"standard","meta":{"footnotes":""},"categories":[1],"tags":[],"class_list":["post-5560","post","type-post","status-publish","format-standard","has-post-thumbnail","hentry","category-cronica"],"_links":{"self":[{"href":"https:\/\/www.radiopresidenteibanez.cl\/web\/wp-json\/wp\/v2\/posts\/5560","targetHints":{"allow":["GET"]}}],"collection":[{"href":"https:\/\/www.radiopresidenteibanez.cl\/web\/wp-json\/wp\/v2\/posts"}],"about":[{"href":"https:\/\/www.radiopresidenteibanez.cl\/web\/wp-json\/wp\/v2\/types\/post"}],"author":[{"embeddable":true,"href":"https:\/\/www.radiopresidenteibanez.cl\/web\/wp-json\/wp\/v2\/users\/2"}],"replies":[{"embeddable":true,"href":"https:\/\/www.radiopresidenteibanez.cl\/web\/wp-json\/wp\/v2\/comments?post=5560"}],"version-history":[{"count":0,"href":"https:\/\/www.radiopresidenteibanez.cl\/web\/wp-json\/wp\/v2\/posts\/5560\/revisions"}],"wp:featuredmedia":[{"embeddable":true,"href":"https:\/\/www.radiopresidenteibanez.cl\/web\/wp-json\/wp\/v2\/media\/5561"}],"wp:attachment":[{"href":"https:\/\/www.radiopresidenteibanez.cl\/web\/wp-json\/wp\/v2\/media?parent=5560"}],"wp:term":[{"taxonomy":"category","embeddable":true,"href":"https:\/\/www.radiopresidenteibanez.cl\/web\/wp-json\/wp\/v2\/categories?post=5560"},{"taxonomy":"post_tag","embeddable":true,"href":"https:\/\/www.radiopresidenteibanez.cl\/web\/wp-json\/wp\/v2\/tags?post=5560"}],"curies":[{"name":"wp","href":"https:\/\/api.w.org\/{rel}","templated":true}]}}