{"id":55598,"date":"2025-04-10T09:18:50","date_gmt":"2025-04-10T12:18:50","guid":{"rendered":"https:\/\/www.radiopresidenteibanez.cl\/web\/?p=55598"},"modified":"2025-04-10T09:18:56","modified_gmt":"2025-04-10T12:18:56","slug":"destacan-labores-en-seguridad-soberania-y-conectividad-de-nueva-lancha-de-carabineros-en-puerto-williams","status":"publish","type":"post","link":"https:\/\/www.radiopresidenteibanez.cl\/web\/destacan-labores-en-seguridad-soberania-y-conectividad-de-nueva-lancha-de-carabineros-en-puerto-williams\/","title":{"rendered":"Destacan labores en seguridad, soberan\u00eda y conectividad de nueva lancha de Carabineros en Puerto Williams"},"content":{"rendered":"\n<p>A m\u00e1s de tres meses de que se pusiera en marcha la lancha policial de la IV Comisar\u00eda de Carabineros de Puerto Williams, \u00abSuboficial Mayor Rita Olivares Rayo\u00bb, autoridades locales pertinentes evaluaron positivamente las operaciones de este medio de transporte.<\/p>\n\n\n\n<p>La delegada presidencial provincial de la Ant\u00e1rtica Chilena, Constanza Calisto Gallardo, fue parte de las personas que se embarcaron en esta lancha en el marco de un traslado mar\u00edtimo entre la capital provincial y Puerto Toro, donde servicios p\u00fablicos realizaron una actividad en beneficio de la comunidad.<\/p>\n\n\n\n<p>\u00abDesde la inauguraci\u00f3n de esta lancha en diciembre de 2024, hemos podido acrecentar la seguridad p\u00fablica y tambi\u00e9n la soberan\u00eda de Carabineros en el territorio. No s\u00f3lo facilita acercar a esta instituci\u00f3n, sino que tambi\u00e9n a la comunidad que lo necesita, ya sea para rescates o acercar los servicios p\u00fablicos al territorio. Estamos muy satisfechos de c\u00f3mo esta lancha policial se ha desempe\u00f1ado en este breve plazo, el que ha tra\u00eddo frutos que realmente son importantes de destacar para nuestra Provincia Ant\u00e1rtica Chilena\u00bb, coment\u00f3 la delegada Calisto.<\/p>\n\n\n\n<p>Por su parte, el comisario de la mencionada unidad policial, mayor Nemesio Godoy, detall\u00f3 que gracias a esta lancha se han desarrollado varios viajes de conexi\u00f3n y patrullaje mar\u00edtimos a apartadas localidades de la provincia, como el propio Puerto Toro, donde se encuentra un ret\u00e9n fronterizo de Carabineros, y Caleta 2 de Mayo, en Yendegaia, donde est\u00e1 ubicada una tenencia fronteriza.<\/p>\n\n\n\n<p>\u00abPara nuestro balance, es significativo al menos hacer dos viajes semanales a estos rincones, de tal forma de conectar y brindar seguridad para todos los habitantes que residen en este sector tan austral de nuestro pa\u00eds (&#8230;). Los comentarios que hemos recibido han sido s\u00faper positivos, tanto de nuestro propio personal que reside en estas localidades donde est\u00e1n los destacamentos dependientes de la IV Comisar\u00eda de Puerto Williams, como tambi\u00e9n de la ciudadan\u00eda, ya que hemos aprovechado tambi\u00e9n esa cercan\u00eda para poder conectarlos con la capital provincial\u00bb, sostuvo el mayor Godoy.<\/p>\n\n\n\n<p>Asimismo, la autoridad policial explic\u00f3 que la tripulaci\u00f3n de esta lancha construida en los astilleros de Astilleros y Maestranzas de la Armada (Asmar), est\u00e1 compuesta en su totalidad por personal de Carabineros, quienes cuentan con sus correspondientes certificaciones de OTEC y de la Autoridad Mar\u00edtima, con el fin de maniobrar y ejecutar las diversas labores que cumplen en esta embarcaci\u00f3n.<\/p>\n\n\n\n<p>Esta embarcaci\u00f3n semirr\u00edgida Pumar WR1250 de \u00faltima generaci\u00f3n, fue incorporada el 26 de diciembre pasado a la I Comisar\u00eda de Carabineros de Puerto Williams, mismo tipo de embarcaci\u00f3n que se entreg\u00f3 en dicha fecha a la unidad de Puerto Ed\u00e9n. Cada una de ellas tuvo un costo de 700 millones de pesos, pudiendo transportar hasta 16 pasajeros, alcanzando una velocidad m\u00e1xima de 30 nudos y una autonom\u00eda de 11 horas.<\/p>\n\n\n\n<p>La lancha policial LP 114 \u00abSuboficial Mayor Rita Olivares Rayo\u00bb, lleva el nombre de la m\u00e1rtir institucional de Carabineros de Chile, quien fue asesinada en medio de un operativo policial en Quilpu\u00e9 en 2023.<\/p>\n","protected":false},"excerpt":{"rendered":"<p>A m\u00e1s de tres meses de que se pusiera en marcha la lancha policial de la IV Comisar\u00eda de Carabineros de Puerto Williams, \u00abSuboficial Mayor Rita Olivares Rayo\u00bb, autoridades locales&#8230; <a class=\"read-more\" href=\"https:\/\/www.radiopresidenteibanez.cl\/web\/destacan-labores-en-seguridad-soberania-y-conectividad-de-nueva-lancha-de-carabineros-en-puerto-williams\/\">Leer m\u00e1s<\/a><\/p>\n","protected":false},"author":2,"featured_media":55599,"comment_status":"closed","ping_status":"closed","sticky":false,"template":"","format":"standard","meta":{"footnotes":""},"categories":[1],"tags":[],"class_list":["post-55598","post","type-post","status-publish","format-standard","has-post-thumbnail","hentry","category-cronica"],"_links":{"self":[{"href":"https:\/\/www.radiopresidenteibanez.cl\/web\/wp-json\/wp\/v2\/posts\/55598","targetHints":{"allow":["GET"]}}],"collection":[{"href":"https:\/\/www.radiopresidenteibanez.cl\/web\/wp-json\/wp\/v2\/posts"}],"about":[{"href":"https:\/\/www.radiopresidenteibanez.cl\/web\/wp-json\/wp\/v2\/types\/post"}],"author":[{"embeddable":true,"href":"https:\/\/www.radiopresidenteibanez.cl\/web\/wp-json\/wp\/v2\/users\/2"}],"replies":[{"embeddable":true,"href":"https:\/\/www.radiopresidenteibanez.cl\/web\/wp-json\/wp\/v2\/comments?post=55598"}],"version-history":[{"count":0,"href":"https:\/\/www.radiopresidenteibanez.cl\/web\/wp-json\/wp\/v2\/posts\/55598\/revisions"}],"wp:featuredmedia":[{"embeddable":true,"href":"https:\/\/www.radiopresidenteibanez.cl\/web\/wp-json\/wp\/v2\/media\/55599"}],"wp:attachment":[{"href":"https:\/\/www.radiopresidenteibanez.cl\/web\/wp-json\/wp\/v2\/media?parent=55598"}],"wp:term":[{"taxonomy":"category","embeddable":true,"href":"https:\/\/www.radiopresidenteibanez.cl\/web\/wp-json\/wp\/v2\/categories?post=55598"},{"taxonomy":"post_tag","embeddable":true,"href":"https:\/\/www.radiopresidenteibanez.cl\/web\/wp-json\/wp\/v2\/tags?post=55598"}],"curies":[{"name":"wp","href":"https:\/\/api.w.org\/{rel}","templated":true}]}}