{"id":55595,"date":"2025-04-10T08:09:14","date_gmt":"2025-04-10T11:09:14","guid":{"rendered":"https:\/\/www.radiopresidenteibanez.cl\/web\/?p=55595"},"modified":"2025-04-10T08:09:19","modified_gmt":"2025-04-10T11:09:19","slug":"archi-destaca-trayectoria-de-sergio-campos-quien-tras-47-anosdeja-radio-cooperativa","status":"publish","type":"post","link":"https:\/\/www.radiopresidenteibanez.cl\/web\/archi-destaca-trayectoria-de-sergio-campos-quien-tras-47-anosdeja-radio-cooperativa\/","title":{"rendered":"ARCHI destaca trayectoria de Sergio Campos, quien tras 47 a\u00f1osdeja Radio Cooperativa"},"content":{"rendered":"\n<p>La Asociaci\u00f3n de Radiodifusores de Chile ARCHI, expresa su reconocimiento a la<br>destacada trayectoria radial del periodista Sergio Campos, quien luego de 47 a\u00f1os<br>de trabajo ininterrumpido en Radio Cooperativa deja esta prestigiosa emisora.<br>Sergio Campos fue galardonado en 2003 como \u00abPersonaje radial del a\u00f1o\u00bb, premio<br>otorgado por la Asociaci\u00f3n de Radiodifusores de Chile (ARCHI). En 2010 recibi\u00f3 la<br>Orden al M\u00e9rito Docente y Cultural Gabriela Mistral y en 2011 el Premio Nacional<br>de Periodismo.<br>El a\u00f1o 2016 Sergio Campos present\u00f3 el libro \u00abLa voz de la radio est\u00e1 llamando\u00bb,<br>publicaci\u00f3n autobiogr\u00e1fica que relata su experiencia en la cobertura de<br>importantes hechos de la historia nacional como el terremoto de 1960, el Golpe de<br>Estado de 1973 y la vuelta a la democracia.<br>Desde 1969 se hab\u00eda desempe\u00f1\u00f3 como lector de noticias en Radio Cooperativa.<br>Fue despedido en 1974 cuando la emisora hab\u00eda sido expropiada por el r\u00e9gimen<br>militar. Se exili\u00f3 en Argentina donde trabaj\u00f3 en la Agencia de Noticias Argentinas y<br>fue corresponsal de la Agencia Latinoamericana de Informaci\u00f3n (ALAI) en Buenos<br>Aires.<br>De vuelta en Chile se incorpor\u00f3 a la edici\u00f3n matinal de El Diario de Cooperativa<br>(1981) hasta hoy, convirti\u00e9ndose en una de las voces radiales m\u00e1s reconocidas y<br>confiables del dial.<br>Desde ARCHI agradecemos la invaluable contribuci\u00f3n de Sergio Campos al<br>engrandecimiento de la Radio en Chile, cincuenta a\u00f1os tras los micr\u00f3fonos, siendo<br>pieza fundamental de la gran credibilidad con que goza nuestro medio.<\/p>\n","protected":false},"excerpt":{"rendered":"<p>La Asociaci\u00f3n de Radiodifusores de Chile ARCHI, expresa su reconocimiento a ladestacada trayectoria radial del periodista Sergio Campos, quien luego de 47 a\u00f1osde trabajo ininterrumpido en Radio Cooperativa deja esta&#8230; <a class=\"read-more\" href=\"https:\/\/www.radiopresidenteibanez.cl\/web\/archi-destaca-trayectoria-de-sergio-campos-quien-tras-47-anosdeja-radio-cooperativa\/\">Leer m\u00e1s<\/a><\/p>\n","protected":false},"author":2,"featured_media":55596,"comment_status":"closed","ping_status":"closed","sticky":false,"template":"","format":"standard","meta":{"footnotes":""},"categories":[1],"tags":[],"class_list":["post-55595","post","type-post","status-publish","format-standard","has-post-thumbnail","hentry","category-cronica"],"_links":{"self":[{"href":"https:\/\/www.radiopresidenteibanez.cl\/web\/wp-json\/wp\/v2\/posts\/55595","targetHints":{"allow":["GET"]}}],"collection":[{"href":"https:\/\/www.radiopresidenteibanez.cl\/web\/wp-json\/wp\/v2\/posts"}],"about":[{"href":"https:\/\/www.radiopresidenteibanez.cl\/web\/wp-json\/wp\/v2\/types\/post"}],"author":[{"embeddable":true,"href":"https:\/\/www.radiopresidenteibanez.cl\/web\/wp-json\/wp\/v2\/users\/2"}],"replies":[{"embeddable":true,"href":"https:\/\/www.radiopresidenteibanez.cl\/web\/wp-json\/wp\/v2\/comments?post=55595"}],"version-history":[{"count":0,"href":"https:\/\/www.radiopresidenteibanez.cl\/web\/wp-json\/wp\/v2\/posts\/55595\/revisions"}],"wp:featuredmedia":[{"embeddable":true,"href":"https:\/\/www.radiopresidenteibanez.cl\/web\/wp-json\/wp\/v2\/media\/55596"}],"wp:attachment":[{"href":"https:\/\/www.radiopresidenteibanez.cl\/web\/wp-json\/wp\/v2\/media?parent=55595"}],"wp:term":[{"taxonomy":"category","embeddable":true,"href":"https:\/\/www.radiopresidenteibanez.cl\/web\/wp-json\/wp\/v2\/categories?post=55595"},{"taxonomy":"post_tag","embeddable":true,"href":"https:\/\/www.radiopresidenteibanez.cl\/web\/wp-json\/wp\/v2\/tags?post=55595"}],"curies":[{"name":"wp","href":"https:\/\/api.w.org\/{rel}","templated":true}]}}