{"id":5556,"date":"2019-07-05T14:46:53","date_gmt":"2019-07-05T14:46:53","guid":{"rendered":"http:\/\/www.radiopresidenteibanez.cl\/web\/?p=5556"},"modified":"2019-07-05T14:47:06","modified_gmt":"2019-07-05T14:47:06","slug":"con-nuevo-cacerolazo-docentes-cumplen-un-mes-de-paralizacion-en-punta-arenas-y-nivel-pais-y-siguen-sin-tener-respuesta-favorable-en-su-petitorio-por-parte-del-mineduc","status":"publish","type":"post","link":"https:\/\/www.radiopresidenteibanez.cl\/web\/con-nuevo-cacerolazo-docentes-cumplen-un-mes-de-paralizacion-en-punta-arenas-y-nivel-pais-y-siguen-sin-tener-respuesta-favorable-en-su-petitorio-por-parte-del-mineduc\/","title":{"rendered":"CON NUEVO \u201cCACEROLAZO\u201d DOCENTES CUMPLEN UN MES DE PARALIZACI\u00d3N EN PUNTA ARENAS Y NIVEL PA\u00cdS, Y SIGUEN SIN TENER RESPUESTA FAVORABLE EN SU PETITORIO POR PARTE DEL MINEDUC"},"content":{"rendered":"\n<p>Este d\u00eda viernes se cumple un mes desde el comienzo de la\nparalizaci\u00f3n de los docentes a nivel nacional, en donde las conversaciones\nentre el Colegio de Profesores y en Ministerio de Educaci\u00f3n junto a la ministra\nMarcela Cubillos se encuentran en un punto muerto, en donde el Gobierno sigue\nsolicitando que las y los profesores vuelvan a las aulas y piensen en el da\u00f1o\nque le hacen al alumnado.<\/p>\n\n\n\n<p>En Punta Arenas, los docentes han criticado en varias\noportunidades tanto a la m\u00e1xima autoridad comunal, Claudio Radonich, como al\nSecretario General y Jefe de Educaci\u00f3n de la Corporaci\u00f3n Municipal, Segundo\n\u00c1lvarez y Christian Revecco, respectivamente, esto por el nulo accionar\nrealizado y la presentaci\u00f3n del plan de recuperaci\u00f3n de clases.<\/p>\n\n\n\n<p>En este sentido el concejal de Punta Arenas, Alejandro Soler,\ncoment\u00f3 que \u201cel paro de la educaci\u00f3n es un hecho lamentable, debemos pensar en\nlos alumnos y apoderado, hago un llamado a los docentes para que vuelvan a las\naulas, es importante destacar al 80% de los profesores que est\u00e1n trabajando\u201d.<\/p>\n\n\n\n<p>Por su parte el diputado por Magallanes, Karim Bianchi,\nmanifest\u00f3 que \u201cen los pr\u00f3ximos d\u00edas se reunir\u00e1 con el Colegio de Profesores en\nPunta Arenas, pero que ya mantuvo reuniones con los docentes a nivel nacional,\npara escuchar sus demandas\u201d.<\/p>\n\n\n\n<p>El concejal de Punta Arenas, Germ\u00e1n Flores, analizo la\nsituaci\u00f3n que est\u00e1 sucediendo con los docentes, comentando que \u201ces dif\u00edcil\nrealizar la recuperaci\u00f3n de clases en vacaciones de invierno y los s\u00e1bados,\npero debemos solucionar dicha situaci\u00f3n en las comisiones de educaci\u00f3n del\nmunicipio\u201d.<\/p>\n\n\n\n<p>Ayer por la noche se realiz\u00f3 un nuevo cacerolazo convocado\npor el Colegio de Profesores a nivel comunal.<\/p>\n\n\n\n<p>En los pr\u00f3ximos d\u00edas se seguir\u00e1n realizando reuniones tanto a nivel nacional como comunal, para poder analizar si finalmente seguir\u00e1n o no adelante con la paralizaci\u00f3n los docentes.<\/p>\n\n\n\n<figure class=\"wp-block-image\"><img loading=\"lazy\" decoding=\"async\" width=\"800\" height=\"500\" src=\"https:\/\/www.radiopresidenteibanez.cl\/web\/wp-content\/uploads\/2019\/07\/IMG_20190705_114356.jpg\" alt=\"\" class=\"wp-image-5557\" srcset=\"https:\/\/www.radiopresidenteibanez.cl\/web\/wp-content\/uploads\/2019\/07\/IMG_20190705_114356.jpg 800w, https:\/\/www.radiopresidenteibanez.cl\/web\/wp-content\/uploads\/2019\/07\/IMG_20190705_114356-300x188.jpg 300w, https:\/\/www.radiopresidenteibanez.cl\/web\/wp-content\/uploads\/2019\/07\/IMG_20190705_114356-768x480.jpg 768w\" sizes=\"auto, (max-width: 800px) 100vw, 800px\" \/><\/figure>\n","protected":false},"excerpt":{"rendered":"<p>Este d\u00eda viernes se cumple un mes desde el comienzo de la paralizaci\u00f3n de los docentes a nivel nacional, en donde las conversaciones entre el Colegio de Profesores y en&#8230; <a class=\"read-more\" href=\"https:\/\/www.radiopresidenteibanez.cl\/web\/con-nuevo-cacerolazo-docentes-cumplen-un-mes-de-paralizacion-en-punta-arenas-y-nivel-pais-y-siguen-sin-tener-respuesta-favorable-en-su-petitorio-por-parte-del-mineduc\/\">Leer m\u00e1s<\/a><\/p>\n","protected":false},"author":2,"featured_media":5557,"comment_status":"closed","ping_status":"closed","sticky":false,"template":"","format":"standard","meta":{"footnotes":""},"categories":[1],"tags":[],"class_list":["post-5556","post","type-post","status-publish","format-standard","has-post-thumbnail","hentry","category-cronica"],"_links":{"self":[{"href":"https:\/\/www.radiopresidenteibanez.cl\/web\/wp-json\/wp\/v2\/posts\/5556","targetHints":{"allow":["GET"]}}],"collection":[{"href":"https:\/\/www.radiopresidenteibanez.cl\/web\/wp-json\/wp\/v2\/posts"}],"about":[{"href":"https:\/\/www.radiopresidenteibanez.cl\/web\/wp-json\/wp\/v2\/types\/post"}],"author":[{"embeddable":true,"href":"https:\/\/www.radiopresidenteibanez.cl\/web\/wp-json\/wp\/v2\/users\/2"}],"replies":[{"embeddable":true,"href":"https:\/\/www.radiopresidenteibanez.cl\/web\/wp-json\/wp\/v2\/comments?post=5556"}],"version-history":[{"count":0,"href":"https:\/\/www.radiopresidenteibanez.cl\/web\/wp-json\/wp\/v2\/posts\/5556\/revisions"}],"wp:featuredmedia":[{"embeddable":true,"href":"https:\/\/www.radiopresidenteibanez.cl\/web\/wp-json\/wp\/v2\/media\/5557"}],"wp:attachment":[{"href":"https:\/\/www.radiopresidenteibanez.cl\/web\/wp-json\/wp\/v2\/media?parent=5556"}],"wp:term":[{"taxonomy":"category","embeddable":true,"href":"https:\/\/www.radiopresidenteibanez.cl\/web\/wp-json\/wp\/v2\/categories?post=5556"},{"taxonomy":"post_tag","embeddable":true,"href":"https:\/\/www.radiopresidenteibanez.cl\/web\/wp-json\/wp\/v2\/tags?post=5556"}],"curies":[{"name":"wp","href":"https:\/\/api.w.org\/{rel}","templated":true}]}}