{"id":55546,"date":"2025-04-08T10:41:00","date_gmt":"2025-04-08T13:41:00","guid":{"rendered":"https:\/\/www.radiopresidenteibanez.cl\/web\/?p=55546"},"modified":"2025-04-08T09:06:14","modified_gmt":"2025-04-08T12:06:14","slug":"plaza-ciudadana-promovio-en-punta-arenas-los-derechos-de-la-comunidad-autista","status":"publish","type":"post","link":"https:\/\/www.radiopresidenteibanez.cl\/web\/plaza-ciudadana-promovio-en-punta-arenas-los-derechos-de-la-comunidad-autista\/","title":{"rendered":"Plaza Ciudadana promovi\u00f3 en Punta Arenas los derechos de la comunidad autista"},"content":{"rendered":"\n<p>En el marco del D\u00eda Mundial de Concienciaci\u00f3n sobre el Autismo, que se conmemora cada 2 abril, el pasado s\u00e1bado se llev\u00f3 a cabo en Punta Arenas una Plaza Ciudadana llamada \u201cConstruyendo una Comunidad Inclusiva\u201d, que congreg\u00f3 a diversos servicios p\u00fablicos con la finalidad de entregar atenci\u00f3n a la ciudadan\u00eda sobre la oferta p\u00fablica vinculada al Trastorno del Espectro Autista (TEA).<\/p>\n\n\n\n<p>Esta actividad intersectorial fue dise\u00f1ada por el equipo del programa Gobierno en Terreno de la Delegaci\u00f3n Presidencial de Magallanes y de la Ant\u00e1rtica Chilena y organizada por la Mesa Regional de Autismo, conformada por los Ministerios de Salud, Educaci\u00f3n, Trabajo y Previsi\u00f3n Social, Desarrollo Social y Familia, junto al Servicio de Salud y Servicio Nacional de la Discapacidad (SENADIS). Tambi\u00e9n, participaron agrupaciones y corporaciones que se dedican a apoyar a personas con autismo en la regi\u00f3n: Bazinga, Dversian, TEAbrazo y Meraki.<\/p>\n\n\n\n<p>Para el Delegado Presidencial Regional, Jos\u00e9 Antonio Ruiz, \u201cel presidente Gabriel Boric ha demostrado un firme compromiso con el desarrollo integral de todas las personas, incluyendo a aquellas con autismo. Esto se traduce en acciones concretas que buscan promover su autonom\u00eda y su inclusi\u00f3n en la sociedad. Un ejemplo de ello es la promulgaci\u00f3n de la Ley de Atenci\u00f3n Integral, aprobada en 2023. Este evento, en conmemoraci\u00f3n del D\u00eda Mundial de Concienciaci\u00f3n sobre el Autismo, tiene precisamente esa finalidad: dar visibilidad a los esfuerzos que se est\u00e1n realizando y mostrar toda la oferta p\u00fablica disponible, ya que, a menudo, hay mucho trabajo que permanece invisible y que es fundamental reconocer\u201d.<\/p>\n\n\n\n<p>Desde el ramo de Desarrollo Social y Familia, el Seremi Danilo Mimica, se\u00f1al\u00f3 que \u201ccomo en todas estas instancias de atenci\u00f3n ciudadana estamos presentes con un stand del Registro Social de Hogares (RSH), sistema de informaci\u00f3n cuyo fin es apoyar los procesos de selecci\u00f3n respecto a los beneficios que otorga el Estado, y que desde el a\u00f1o 2022 ha permitido reconocer y cuantificar a las personas que ejercen labores de cuidados en todo el pa\u00eds. Tambi\u00e9n, estuvo un stand del Elige Vivir Sano haciendo entrega de las \u201cGu\u00edas Alimentarias para Chile\u201d que trav\u00e9s de una orientaci\u00f3n alimenticia busca fomentar el bienestar en la salud de las personas. Finalmente, quiero agradecer a mall Espacio Urbano Pionero por poner a disposici\u00f3n sus instalaciones para realizar esta actividad ciudadana\u201d.<\/p>\n\n\n\n<p>En tanto, la Seremi de Salud, Francisca Sanfuentes, resalt\u00f3 la participaci\u00f3n de la Autoridad Sanitaria y del Servicio de Salud, destacando el proceso de implementaci\u00f3n de la Ley 21.545. \u201cEl pasado jueves inauguramos la sala multisensorial y presentamos al equipo del Programa de Atenci\u00f3n Integral al desarrollo Infanto adolescente de la comuna de Punta Arenas, ubicado en el Cesfam Dr. Thomas Fenton. Y estamos muy contentos con la noticia que a partir del pr\u00f3ximo semestre tambi\u00e9n continuaremos avanzando con la comuna de Natales. De manera de poder contar con equipos multidisciplinarios en la atenci\u00f3n primaria instalados con todo el equipamiento y la capacitaci\u00f3n para la detecci\u00f3n precoz y el abordaje integral del autismo y tambi\u00e9n de otros trastornos del neurodesarrollo. As\u00ed, vemos c\u00f3mo las pol\u00edticas p\u00fablicas se van concretando y haciendo una realidad en nuestro territorio\u201d, afirm\u00f3.<\/p>\n\n\n\n<p>Finalmente, la Directora Regional de SENADIS, Bernarda Cares, manifest\u00f3 que \u201cbuscamos generar un espacio de encuentro donde podamos concientizar desde el hacer. Las personas con autismo se encuentran en igualdad de condiciones que todas y todos nosotros\u201d.<\/p>\n\n\n\n<p><strong>La Ley de Autismo<\/strong><\/p>\n\n\n\n<p>A dos a\u00f1os de ser promulgada la Ley de Autismo se reactiv\u00f3 la mesa de coordinaci\u00f3n con la Sociedad Civil, adem\u00e1s de implementar campa\u00f1as de sensibilizaci\u00f3n que promuevan el buen trato hacia las personas autistas. Desde lo laboral, el Gobierno instaur\u00f3 un mecanismo de permisos para padres, madres y tutores de infancias autistas, que han registrado 21.900 usos en la Direcci\u00f3n del Trabajo.<\/p>\n\n\n\n<p>Para este a\u00f1o, el Gobierno incrementar\u00e1 de 36 a 84 los equipos dedicados a reforzar el proceso de diagn\u00f3stico y tratamiento nacional, mientras que se habilitar\u00e1n 4 nuevas Salas Inclusivas para ni\u00f1os, y ni\u00f1as, alcanzando a 28 en el pa\u00eds.<\/p>\n","protected":false},"excerpt":{"rendered":"<p>En el marco del D\u00eda Mundial de Concienciaci\u00f3n sobre el Autismo, que se conmemora cada 2 abril, el pasado s\u00e1bado se llev\u00f3 a cabo en Punta Arenas una Plaza Ciudadana&#8230; <a class=\"read-more\" href=\"https:\/\/www.radiopresidenteibanez.cl\/web\/plaza-ciudadana-promovio-en-punta-arenas-los-derechos-de-la-comunidad-autista\/\">Leer m\u00e1s<\/a><\/p>\n","protected":false},"author":2,"featured_media":55547,"comment_status":"closed","ping_status":"closed","sticky":false,"template":"","format":"standard","meta":{"footnotes":""},"categories":[1],"tags":[],"class_list":["post-55546","post","type-post","status-publish","format-standard","has-post-thumbnail","hentry","category-cronica"],"_links":{"self":[{"href":"https:\/\/www.radiopresidenteibanez.cl\/web\/wp-json\/wp\/v2\/posts\/55546","targetHints":{"allow":["GET"]}}],"collection":[{"href":"https:\/\/www.radiopresidenteibanez.cl\/web\/wp-json\/wp\/v2\/posts"}],"about":[{"href":"https:\/\/www.radiopresidenteibanez.cl\/web\/wp-json\/wp\/v2\/types\/post"}],"author":[{"embeddable":true,"href":"https:\/\/www.radiopresidenteibanez.cl\/web\/wp-json\/wp\/v2\/users\/2"}],"replies":[{"embeddable":true,"href":"https:\/\/www.radiopresidenteibanez.cl\/web\/wp-json\/wp\/v2\/comments?post=55546"}],"version-history":[{"count":0,"href":"https:\/\/www.radiopresidenteibanez.cl\/web\/wp-json\/wp\/v2\/posts\/55546\/revisions"}],"wp:featuredmedia":[{"embeddable":true,"href":"https:\/\/www.radiopresidenteibanez.cl\/web\/wp-json\/wp\/v2\/media\/55547"}],"wp:attachment":[{"href":"https:\/\/www.radiopresidenteibanez.cl\/web\/wp-json\/wp\/v2\/media?parent=55546"}],"wp:term":[{"taxonomy":"category","embeddable":true,"href":"https:\/\/www.radiopresidenteibanez.cl\/web\/wp-json\/wp\/v2\/categories?post=55546"},{"taxonomy":"post_tag","embeddable":true,"href":"https:\/\/www.radiopresidenteibanez.cl\/web\/wp-json\/wp\/v2\/tags?post=55546"}],"curies":[{"name":"wp","href":"https:\/\/api.w.org\/{rel}","templated":true}]}}