{"id":55529,"date":"2025-04-07T14:19:00","date_gmt":"2025-04-07T17:19:00","guid":{"rendered":"https:\/\/www.radiopresidenteibanez.cl\/web\/?p=55529"},"modified":"2025-04-07T12:04:46","modified_gmt":"2025-04-07T15:04:46","slug":"como-mejorar-la-gestion-de-las-turberas-una-apuesta-de-wcs-chile","status":"publish","type":"post","link":"https:\/\/www.radiopresidenteibanez.cl\/web\/como-mejorar-la-gestion-de-las-turberas-una-apuesta-de-wcs-chile\/","title":{"rendered":"C\u00d3MO MEJORAR LA GESTI\u00d3N DE LAS TURBERAS: UNA APUESTA DE WCS CHILE"},"content":{"rendered":"\n<p>A nivel global, las turberas son clave para mitigar los<br>efectos del cambio clim\u00e1tico, ya que contienen grandes vol\u00famenes de carbono en su<br>estructura, casi el doble de lo que almacenan los bosques. La degradaci\u00f3n de estos<br>ecosistemas \u2013producto de incendios forestales, de pr\u00e1cticas de extracci\u00f3n de turba y<br>musgo, o de la invasi\u00f3n de especies ex\u00f3ticas como los castores, entre otras presiones\u2013<br>tiene como consecuencia la liberaci\u00f3n de ese carbono a la atm\u00f3sfera, adem\u00e1s de efectos<br>sobre la hidrolog\u00eda de cuencas y la biodiversidad.&nbsp;<br>C\u00f3mo mejorar la gesti\u00f3n y manejo de las turberas en el Parque Karukinka, al sur de Tierra<br>del Fuego, es la pregunta que espera responder el equipo de WCS Chile, respecto de dos<br>presiones que hoy enfrentan estos ecosistemas: los cambios hidrol\u00f3gicos asociados a la<br>presencia del castor y los efectos del cambio clim\u00e1tico.&nbsp;<br>Un equipo de WCS Chile, liderado por la directora del Parque Karukinka, Melissa<br>Carmody, y la colaboraci\u00f3n de los investigadores, PhD Jorge Hoyos, PhD Alejandro<br>Miranda y PhD Brian Reid (expertos en din\u00e1mica de humedales, ecolog\u00eda del paisaje y<br>an\u00e1lisis espaciales), realizar\u00e1n entre 2025 y 2026, una experimental investigaci\u00f3n a gran<br>escala en el parque con el objetivo de entender c\u00f3mo la presencia y eliminaci\u00f3n de<br>represas de castores afecta la hidrolog\u00eda e intercambio neto de gases, en los ecosistemas<br>de turberas impactados.<br>\u201cHemos formado una alianza con un equipo de cient\u00edficos l\u00edderes en la ecolog\u00eda y<br>din\u00e1mica de humedales que, junto a los guardaparques de Karukinka, nos permitir\u00e1<br>identificar los mejores sitios para llevar a cabo el experimento, instalar instrumentos y<br>mantener el trabajo de campo durante los dos a\u00f1os que dura el proyecto. Creo que el<br>conocimiento que vamos a generar ac\u00e1 es clave para entender mejor la din\u00e1mica<br>ecol\u00f3gica de estos ecosistemas, de los cuales a\u00fan no sabemos mucho, pese a que<br>convivimos con ellos todos los d\u00edas\u201d, coment\u00f3 Melissa Carmody.&nbsp;<br>Durante la primera etapa del proyecto se instalaron 54 sensores de nivel fre\u00e1tico,<br>distribuidos en seis turberas: &nbsp;dos de ellas sin presencia de castores (sitios control); dos<br>con represas de castor y, por \u00faltimo, dos sitios donde se remover\u00e1n las represas. Esto<\/p>\n\n\n\n<p>permitir\u00e1 conocer la variaci\u00f3n del nivel de agua subterr\u00e1nea, en cada sitio, en funci\u00f3n del<br>manejo que se haga de las represas de castores. &nbsp;&nbsp;<br>Adem\u00e1s, se instalaron dos c\u00e1maras de subsidencia, que permiten conocer las variaciones<br>del volumen de estas turberas en el tiempo, lo que tambi\u00e9n es un indicador de cambios en<br>el nivel de agua. Los niveles altos de agua subterr\u00e1nea favorecen la producci\u00f3n y emisi\u00f3n<br>de metano (CH\u2084) y reducen las emisiones de di\u00f3xido de carbono (CO\u2082), mientras que los<br>niveles bajos de agua subterr\u00e1nea aumentan la oxidaci\u00f3n de la turba, a trav\u00e9s de la<br>actividad microbiana, incrementando las emisiones de CO\u2082 y reduciendo las de CH\u2084.&nbsp;&nbsp;<br>\u201cEsta investigaci\u00f3n es el primer experimento a gran escala desarrollado en las turberas de<br>Karukinka, y me atrevo decir que tambi\u00e9n a nivel de las turberas Patag\u00f3nicas.&nbsp; Estamos<br>materializando la visi\u00f3n de que Karukinka cumple el rol de laboratorio natural para<br>informar decisiones de manejo basadas en ciencia. Por otra parte, evidenciamos la<br>importancia de las alianzas con socios de diferentes \u00e1reas del conocimiento, para<br>entender los problemas complejos asociados a la din\u00e1mica de ecosistemas y co-dise\u00f1ar<br>propuestas y soluciones\u201d, coment\u00f3 Nicole P\u00fcschel, encargada de Cambio Clim\u00e1tico y<br>Biodiversidad de WCS Chile.&nbsp;&nbsp;&nbsp;<br>El proyecto busca, adem\u00e1s, capacitar al equipo de WCS Chile, quienes, conociendo la<br>metodolog\u00eda de trabajo, podr\u00e1n mantener el monitoreo de estas turberas a largo plazo y,<br>potencialmente, escalar la investigaci\u00f3n a otras \u00e1reas del parque.&nbsp;<br>\u00bfEliminar o no las represas de castor?&nbsp;<br>Estos humedales son grandes reservorios de carbono y si, como consecuencia de las<br>represas del castor y los correspondientes cambios en la hidrolog\u00eda del \u00e1rea, se est\u00e1<br>liberando este carbono a la atm\u00f3sfera, entonces, \u00bfes mejor para las turberas y su<br>biodiversidad, eliminar las represas de una vez, desmantelarlas por fases o dejar que se<br>desarmen pasivamente?&nbsp;&nbsp;<br>Otra de las importantes preguntas que espera responder el proyecto, es si las<br>proyecciones de las precipitaciones en la zona, producto del cambio clim\u00e1tico, \u00bfafectar\u00e1n<br>la hidrolog\u00eda de las turberas de Karukinka?&nbsp;&nbsp;<br>Las respuestas a estas interrogantes permitir\u00e1n informar acciones de manejo y control de<br>amenazas, no solo para la conservaci\u00f3n de las cerca de 75.000 hect\u00e1reas de turberas del<br>parque, sino que, adem\u00e1s, aportar\u00e1n a la conservaci\u00f3n del resto de las turberas de la<br>Patagonia.&nbsp;<br>Investigaci\u00f3n colaborativa&nbsp;<br>La investigaci\u00f3n cuenta con la participaci\u00f3n de cient\u00edficos de las siguientes instituciones:<br>Centro de Ciencia del Clima y la Resiliencia (CR2), Universidad de la Frontera (UFRO),<br>Centro de Investigaci\u00f3n en Ecosistemas de la Patagonia (CIEP) y Centro de Hidrolog\u00eda y<br>Ecolog\u00eda del Reino Unido (BioPole).<\/p>\n","protected":false},"excerpt":{"rendered":"<p>A nivel global, las turberas son clave para mitigar losefectos del cambio clim\u00e1tico, ya que contienen grandes vol\u00famenes de carbono en suestructura, casi el doble de lo que almacenan los&#8230; <a class=\"read-more\" href=\"https:\/\/www.radiopresidenteibanez.cl\/web\/como-mejorar-la-gestion-de-las-turberas-una-apuesta-de-wcs-chile\/\">Leer m\u00e1s<\/a><\/p>\n","protected":false},"author":2,"featured_media":55530,"comment_status":"closed","ping_status":"closed","sticky":false,"template":"","format":"standard","meta":{"footnotes":""},"categories":[1],"tags":[],"class_list":["post-55529","post","type-post","status-publish","format-standard","has-post-thumbnail","hentry","category-cronica"],"_links":{"self":[{"href":"https:\/\/www.radiopresidenteibanez.cl\/web\/wp-json\/wp\/v2\/posts\/55529","targetHints":{"allow":["GET"]}}],"collection":[{"href":"https:\/\/www.radiopresidenteibanez.cl\/web\/wp-json\/wp\/v2\/posts"}],"about":[{"href":"https:\/\/www.radiopresidenteibanez.cl\/web\/wp-json\/wp\/v2\/types\/post"}],"author":[{"embeddable":true,"href":"https:\/\/www.radiopresidenteibanez.cl\/web\/wp-json\/wp\/v2\/users\/2"}],"replies":[{"embeddable":true,"href":"https:\/\/www.radiopresidenteibanez.cl\/web\/wp-json\/wp\/v2\/comments?post=55529"}],"version-history":[{"count":0,"href":"https:\/\/www.radiopresidenteibanez.cl\/web\/wp-json\/wp\/v2\/posts\/55529\/revisions"}],"wp:featuredmedia":[{"embeddable":true,"href":"https:\/\/www.radiopresidenteibanez.cl\/web\/wp-json\/wp\/v2\/media\/55530"}],"wp:attachment":[{"href":"https:\/\/www.radiopresidenteibanez.cl\/web\/wp-json\/wp\/v2\/media?parent=55529"}],"wp:term":[{"taxonomy":"category","embeddable":true,"href":"https:\/\/www.radiopresidenteibanez.cl\/web\/wp-json\/wp\/v2\/categories?post=55529"},{"taxonomy":"post_tag","embeddable":true,"href":"https:\/\/www.radiopresidenteibanez.cl\/web\/wp-json\/wp\/v2\/tags?post=55529"}],"curies":[{"name":"wp","href":"https:\/\/api.w.org\/{rel}","templated":true}]}}