{"id":55523,"date":"2025-04-07T11:17:00","date_gmt":"2025-04-07T14:17:00","guid":{"rendered":"https:\/\/www.radiopresidenteibanez.cl\/web\/?p=55523"},"modified":"2025-04-07T11:05:31","modified_gmt":"2025-04-07T14:05:31","slug":"exitoso-encuentro-ciudadano-por-reforma-de-pensiones-marca-inicio-dedespliegue-masivo","status":"publish","type":"post","link":"https:\/\/www.radiopresidenteibanez.cl\/web\/exitoso-encuentro-ciudadano-por-reforma-de-pensiones-marca-inicio-dedespliegue-masivo\/","title":{"rendered":"Exitoso encuentro ciudadano por Reforma de Pensiones marca inicio dedespliegue masivo"},"content":{"rendered":"\n<p>Con m\u00e1s de 100 personas reunidas en el sal\u00f3n principal del<br>Liceo Sara Braun de Punta Arenas, se dio el puntapi\u00e9 inicial al despliegue masivo de encuentros<br>ciudadanos que se llevar\u00e1n a cabo en toda la regi\u00f3n para difundir la Reforma Previsional, ahora,<br>convertida en la Ley 21.735.<br>A la cita acudieron, principalmente, pensionados y pensionadas; representantes de diferentes<br>agrupaciones de juntas vecinales, de adultos y adultas mayores, de Derechos Humanos; dirigentas<br>y dirigentes sindicales; estudiantes, autoridades y p\u00fablico en general, quienes no s\u00f3lo valoraron<br>los avances de la reforma, sino especialmente, destacaron el esfuerzo del gobierno por explicar la<br>nueva ley y por acercar la informaci\u00f3n a la comunidad.<br>As\u00ed lo se\u00f1al\u00f3, por ejemplo, Sandra Oyarzo Gonz\u00e1lez, presidenta de la Agrupaci\u00f3n de Socios Pasivos<br>de la Umag, para quien, \u201cvenirse a informar con las autoridades no es lo mismo que escucharlo<br>solamente en los medios o de los rumores, porque muchas veces uno lo entiende mal, as\u00ed que es<br>s\u00faper bueno, porque uno tiene la opci\u00f3n de hacerle las preguntas directamente a las autoridades.<br>Esto fue muy bueno y estoy muy agradecida por la invitaci\u00f3n. Sin duda, esta reforma es una<br>noticia maravillosa, para nosotras las mujeres porque siempre estuvimos postergadas. Para las<br>futuras generaciones es un avance maravilloso, porque no van a tener las pensiones miserables<br>que nosotros ten\u00edamos\u201d.<br>Otro asistente agradecido tambi\u00e9n por esta instancia fue Ricardo Andrade Santana, representante<br>de la organizaci\u00f3n de Derechos Humanos Orlando Letelier: \u201cMe pareci\u00f3 muy bueno, se aclaran<br>bastantes dudas que uno tiene, los expositores estuvieron completamente claros, s\u00e9 que hay<br>personas mucho mayores, pero da la impresi\u00f3n de que quedaron satisfechos. Muy bueno y<br>agradecido\u201d, recalc\u00f3.<br>Por su parte, Luisa Quezada Ampuero, presidenta de la Junta de Vecinos 22 del Barrio 18 y del<br>Comit\u00e9 Pro Adelante del mismo barrio, destac\u00f3 el despliegue que se realizar\u00e1 a los distintos<br>sectores de la regi\u00f3n: \u201cComo dec\u00eda la Seremi, esto va a salir a las poblaciones y mi inter\u00e9s es que<br>vaya a los barrios para que los vecinos puedan preguntar y tener la informaci\u00f3n de primera mano.<br>Con la reforma yo estoy feliz, tuve el orgullo de decirle al Presidente: \u201cgracias por subirnos las<br>pensiones\u201d. Estoy clara que le cost\u00f3 mucho, pero lo hizo, as\u00ed que estoy agradecida\u201d.<br>Don Robinson Ag\u00fcero Aravena, representante de la corporaci\u00f3n de Derechos Humanos del Estadio<br>Fiscal y Memoria Regional -organizaci\u00f3n en conformaci\u00f3n- agradeci\u00f3 la invitaci\u00f3n, se\u00f1alando que<\/p>\n\n\n\n<p>fue con todas las dudas aclaradas: \u201cFeliz porque aclaramos todas las inquietudes que ten\u00edamos, as\u00ed<br>que, nos vamos bien. Yo creo que la intenci\u00f3n de esta nueva ley es hacer justicia y preocuparse<br>por las personas que est\u00e1n m\u00e1s abandonadas y lo que m\u00e1s destaco es la PGU a la que van a tener<br>acceso m\u00e1s personas, as\u00ed que, agradecido por eso\u201d.<br>Al inicio del encuentro, el Delegado Presidencial Regional, Jos\u00e9 Ruiz Pivcevic, salud\u00f3 y dio la<br>bienvenida a las y los presentes, realizando una breve exposici\u00f3n de los principales avances de la<br>ley. \u201cEstamos realizando un encuentro ciudadano por la Reforma de Pensiones, que era una<br>urgencia para el pa\u00eds y un compromiso del gobierno del Presidente Gabriel Boric. Como gobierno<br>ten\u00edamos un principio base que era que las pensiones deb\u00edan subir ahora y para eso<br>necesit\u00e1bamos tener un pilar solidario. Este es un avance de justicia social y un esfuerzo de todo el<br>pa\u00eds\u201d, destac\u00f3.<br>Por \u00faltimo, la Seremi del Trabajo y Previsi\u00f3n Social, Doris Sandoval Miranda, revel\u00f3 parte de los<br>encuentros que vienen ahora. Entre ellos, reuniones con miembros de las agrupaciones de<br>Derechos Humanos, quienes se ver\u00e1n beneficiados con la Pensi\u00f3n Garantizada Universal a partir<br>de esta reforma; luego, se refiri\u00f3 al despliegue hacia Cabo de Hornos, Puerto Natales y Porvenir,<br>que se realizar\u00e1n durante los meses de abril y mayo; as\u00ed como un encuentro masivo con dirigentes<br>sindicales previo al 1\u00b0 de Mayo.<br>En sus palabras, \u201ceste encuentro marc\u00f3 el inicio de una tarea fundamental que tenemos como<br>Ministerio del Trabajo y Previsi\u00f3n Social, que es implementar esta ley que crea un sistema mixto<br>donde las personas en nuestra regi\u00f3n van a poder acceder a un nuevo modelo de seguridad social.<br>As\u00ed que estamos anunciando que comienza un despliegue de implementaci\u00f3n en que<br>pretendemos recorrer cada rinc\u00f3n de nuestra regi\u00f3n y que parte el 23 de abril en la comuna de<br>Cabo de Hornos\u201d.<br>Participaron como anfitriones del encuentro el Seremi de Gobierno, Andro Mimica Guerrero y la<br>Seremi de la Mujer y Equidad de G\u00e9nero, Alejandra Ruiz Obando, quienes mantuvieron un<br>ambiente de alegr\u00eda y j\u00fabilo durante toda la actividad, dando cuenta de que esta es una ocasi\u00f3n<br>para celebrar los avances. Por lo mismo, la m\u00fasica no pod\u00eda faltar, a cargo del cantante Julio<br>Argentino, quien cerr\u00f3 con broche de oro la jornada.<br>El director del Liceo Sara Braun, Nestor R\u00edos, tambi\u00e9n entreg\u00f3 su saludo y estuvo acompa\u00f1ando el<br>desarrollo de la actividad hasta el cierre.<br>Al finalizar, las y los asistentes agradecieron a la directora regional del Instituto de Previsi\u00f3n Social<br>(IPS) Magallanes, Gloria Mar\u00edn Sep\u00falveda, por la clara exposici\u00f3n de la ley, realizada junto al<br>abogado del IPS, Jos\u00e9 P\u00e9rez N\u00fa\u00f1ez; y el profesional del servicio, Claudio Romero Altamirano.<\/p>\n","protected":false},"excerpt":{"rendered":"<p>Con m\u00e1s de 100 personas reunidas en el sal\u00f3n principal delLiceo Sara Braun de Punta Arenas, se dio el puntapi\u00e9 inicial al despliegue masivo de encuentrosciudadanos que se llevar\u00e1n a&#8230; <a class=\"read-more\" href=\"https:\/\/www.radiopresidenteibanez.cl\/web\/exitoso-encuentro-ciudadano-por-reforma-de-pensiones-marca-inicio-dedespliegue-masivo\/\">Leer m\u00e1s<\/a><\/p>\n","protected":false},"author":2,"featured_media":55524,"comment_status":"closed","ping_status":"closed","sticky":false,"template":"","format":"standard","meta":{"footnotes":""},"categories":[1],"tags":[],"class_list":["post-55523","post","type-post","status-publish","format-standard","has-post-thumbnail","hentry","category-cronica"],"_links":{"self":[{"href":"https:\/\/www.radiopresidenteibanez.cl\/web\/wp-json\/wp\/v2\/posts\/55523","targetHints":{"allow":["GET"]}}],"collection":[{"href":"https:\/\/www.radiopresidenteibanez.cl\/web\/wp-json\/wp\/v2\/posts"}],"about":[{"href":"https:\/\/www.radiopresidenteibanez.cl\/web\/wp-json\/wp\/v2\/types\/post"}],"author":[{"embeddable":true,"href":"https:\/\/www.radiopresidenteibanez.cl\/web\/wp-json\/wp\/v2\/users\/2"}],"replies":[{"embeddable":true,"href":"https:\/\/www.radiopresidenteibanez.cl\/web\/wp-json\/wp\/v2\/comments?post=55523"}],"version-history":[{"count":0,"href":"https:\/\/www.radiopresidenteibanez.cl\/web\/wp-json\/wp\/v2\/posts\/55523\/revisions"}],"wp:featuredmedia":[{"embeddable":true,"href":"https:\/\/www.radiopresidenteibanez.cl\/web\/wp-json\/wp\/v2\/media\/55524"}],"wp:attachment":[{"href":"https:\/\/www.radiopresidenteibanez.cl\/web\/wp-json\/wp\/v2\/media?parent=55523"}],"wp:term":[{"taxonomy":"category","embeddable":true,"href":"https:\/\/www.radiopresidenteibanez.cl\/web\/wp-json\/wp\/v2\/categories?post=55523"},{"taxonomy":"post_tag","embeddable":true,"href":"https:\/\/www.radiopresidenteibanez.cl\/web\/wp-json\/wp\/v2\/tags?post=55523"}],"curies":[{"name":"wp","href":"https:\/\/api.w.org\/{rel}","templated":true}]}}