{"id":5552,"date":"2019-07-04T20:52:46","date_gmt":"2019-07-04T20:52:46","guid":{"rendered":"http:\/\/www.radiopresidenteibanez.cl\/web\/?p=5552"},"modified":"2019-07-04T20:53:20","modified_gmt":"2019-07-04T20:53:20","slug":"consejero-kusanovic-rechaza-gasto-de-21-mil-millones-en-rotonda","status":"publish","type":"post","link":"https:\/\/www.radiopresidenteibanez.cl\/web\/consejero-kusanovic-rechaza-gasto-de-21-mil-millones-en-rotonda\/","title":{"rendered":"CONSEJERO KUSANOVIC RECHAZA GASTO DE $21 MIL MILLONES EN ROTONDA"},"content":{"rendered":"\n<p>Como \u201cirracional\u201d e \u201cinexplicable\u201d calific\u00f3 el consejero regional Alejandro Kusanovic la decisi\u00f3n del Ministerio de Obras P\u00fablicas de invertir $21 mil millones en la construcci\u00f3n de una rotonda en la intersecci\u00f3n de las Avenidas Carlos Ib\u00e1\u00f1ez del Campo y Eduardo Frei en Punta Arenas.<\/p>\n\n\n\n<p>\u201cEn Porvenir falta un colegio que est\u00e1 avaluado en $16 mil millones y el Gobierno dice que hoy recursos, pero para construir una mala soluci\u00f3n vial se van a gastar una enormidad de recursos\u201d, se quej\u00f3 el core luego que el Mop anunciara que la licitaci\u00f3n de la obra vial ser\u00e1 publicada la pr\u00f3xima semana.<\/p>\n\n\n\n<p>Dijo que en la regi\u00f3n existen proyectos mucho m\u00e1s importantes y urgentes a los que se les niega el financiamiento mientas que para el problem\u00e1tico nudo vial con una inversi\u00f3n de $500 millones ser\u00eda suficiente. \u201cExisten soluciones mucho m\u00e1s accesibles que permitir\u00eda construir una rotonda que ordene el tr\u00e1nsito en ese sector, una v\u00eda elevada a ese costo es una soluci\u00f3n desproporcionada para el problema que se quiere resolver\u201d, razon\u00f3 Kusanovic.<\/p>\n\n\n\n<p>Dijo que Se requiere invertir recursos en infraestructura urbano para mejorar las veredas, las calles y las \u00e1reas p\u00fablica que en general se encuentran en muy mal estado. \u201cVamos a tener una rotonda elevada de $21 mil millones, pero la gente cuando sale de sus casas se encuentra con un barrial o con calles que terminan rompiendo los veh\u00edculos, no es l\u00f3gico\u201d, dijo el consejero regional agregando que otras inversiones necesarias son el camino a Puerto Williams, la ruta hacia el sector de isla Carlos III y la gran demanda que existe por viviendas sociales \u201cde las que el Estado no se hace cargo.\u201d<\/p>\n\n\n\n<figure class=\"wp-block-image\"><img loading=\"lazy\" decoding=\"async\" width=\"1024\" height=\"681\" src=\"https:\/\/www.radiopresidenteibanez.cl\/web\/wp-content\/uploads\/2019\/07\/DSC08296-1024x681.jpg\" alt=\"\" class=\"wp-image-5553\" srcset=\"https:\/\/www.radiopresidenteibanez.cl\/web\/wp-content\/uploads\/2019\/07\/DSC08296-1024x681.jpg 1024w, https:\/\/www.radiopresidenteibanez.cl\/web\/wp-content\/uploads\/2019\/07\/DSC08296-300x199.jpg 300w, https:\/\/www.radiopresidenteibanez.cl\/web\/wp-content\/uploads\/2019\/07\/DSC08296-768x511.jpg 768w\" sizes=\"auto, (max-width: 1024px) 100vw, 1024px\" \/><\/figure>\n","protected":false},"excerpt":{"rendered":"<p>Como \u201cirracional\u201d e \u201cinexplicable\u201d calific\u00f3 el consejero regional Alejandro Kusanovic la decisi\u00f3n del Ministerio de Obras P\u00fablicas de invertir $21 mil millones en la construcci\u00f3n de una rotonda en la&#8230; <a class=\"read-more\" href=\"https:\/\/www.radiopresidenteibanez.cl\/web\/consejero-kusanovic-rechaza-gasto-de-21-mil-millones-en-rotonda\/\">Leer m\u00e1s<\/a><\/p>\n","protected":false},"author":2,"featured_media":5553,"comment_status":"closed","ping_status":"closed","sticky":false,"template":"","format":"standard","meta":{"footnotes":""},"categories":[1],"tags":[],"class_list":["post-5552","post","type-post","status-publish","format-standard","has-post-thumbnail","hentry","category-cronica"],"_links":{"self":[{"href":"https:\/\/www.radiopresidenteibanez.cl\/web\/wp-json\/wp\/v2\/posts\/5552","targetHints":{"allow":["GET"]}}],"collection":[{"href":"https:\/\/www.radiopresidenteibanez.cl\/web\/wp-json\/wp\/v2\/posts"}],"about":[{"href":"https:\/\/www.radiopresidenteibanez.cl\/web\/wp-json\/wp\/v2\/types\/post"}],"author":[{"embeddable":true,"href":"https:\/\/www.radiopresidenteibanez.cl\/web\/wp-json\/wp\/v2\/users\/2"}],"replies":[{"embeddable":true,"href":"https:\/\/www.radiopresidenteibanez.cl\/web\/wp-json\/wp\/v2\/comments?post=5552"}],"version-history":[{"count":0,"href":"https:\/\/www.radiopresidenteibanez.cl\/web\/wp-json\/wp\/v2\/posts\/5552\/revisions"}],"wp:featuredmedia":[{"embeddable":true,"href":"https:\/\/www.radiopresidenteibanez.cl\/web\/wp-json\/wp\/v2\/media\/5553"}],"wp:attachment":[{"href":"https:\/\/www.radiopresidenteibanez.cl\/web\/wp-json\/wp\/v2\/media?parent=5552"}],"wp:term":[{"taxonomy":"category","embeddable":true,"href":"https:\/\/www.radiopresidenteibanez.cl\/web\/wp-json\/wp\/v2\/categories?post=5552"},{"taxonomy":"post_tag","embeddable":true,"href":"https:\/\/www.radiopresidenteibanez.cl\/web\/wp-json\/wp\/v2\/tags?post=5552"}],"curies":[{"name":"wp","href":"https:\/\/api.w.org\/{rel}","templated":true}]}}