{"id":55515,"date":"2025-04-07T09:25:00","date_gmt":"2025-04-07T12:25:00","guid":{"rendered":"https:\/\/www.radiopresidenteibanez.cl\/web\/?p=55515"},"modified":"2025-04-07T08:28:52","modified_gmt":"2025-04-07T11:28:52","slug":"banda-sinfonica-de-la-fuerza-aerea-de-chile-cerro-el-mesdel-aire-y-del-espacio-con-dos-conciertos-en-punta-arenas","status":"publish","type":"post","link":"https:\/\/www.radiopresidenteibanez.cl\/web\/banda-sinfonica-de-la-fuerza-aerea-de-chile-cerro-el-mesdel-aire-y-del-espacio-con-dos-conciertos-en-punta-arenas\/","title":{"rendered":"Banda Sinf\u00f3nica de la Fuerza A\u00e9rea de Chile cerr\u00f3 el Mesdel Aire y del Espacio con dos conciertos en Punta Arenas"},"content":{"rendered":"\n<p>En el marco de la conmemoraci\u00f3n del 95\u00b0 aniversario de la Fuerza A\u00e9rea de Chile<br>(FACH), el s\u00e1bado 5 y el domingo 6 de abril, el Teatro Municipal \u201cJos\u00e9 Bohr\u201d de<br>Punta Arenas se llen\u00f3 de m\u00fasica con la destacada presentaci\u00f3n de la Banda<br>Sinf\u00f3nica de la FACH, dirigida por el maestro Fabrizzio de Negri Murillo.<br>M\u00e1s de 50 m\u00fasicos en escena ofrecieron dos inolvidables conciertos. La primera<br>velada fue para las principales autoridades civiles, Fuerzas Armadas, de Orden y<br>Seguridad de la Regi\u00f3n de Magallanes, adem\u00e1s de invitados especiales que<br>repletaron el recinto. La segunda jornada, estuvo abierta al p\u00fablico, el cual d\u00edas<br>previos adquiri\u00f3 entradas para asegurar su asistencia al evento.<br>El primer concierto fue presidido por el Comandante en Jefe de la IV\u00aa Brigada<br>A\u00e9rea, Comodoro (A) Francisco Ram\u00edrez Go\u00f1i, quien estuvo presente en esta<br>significativa actividad cultural y musical, para dar t\u00e9rmino a las actividades en el<br>marco del Mes del Aire y del Espacio en el extremo sur de Chile.<br>El repertorio incluy\u00f3 emocionantes piezas de bandas sonoras de pel\u00edculas, rock<br>sinf\u00f3nico y una poderosa ejecuci\u00f3n de la Obertura 1812 de Piotr Ilyich<br>Tchaikovsky, entre otras composiciones musicales.<br>\u201cExcelente concierto, emocionante las canciones y la banda sinf\u00f3nica un nivel<br>excepcional\u201d, se\u00f1al\u00f3 Rodrigo Mu\u00f1oz Recabarren, quien asisti\u00f3 al concierto del<br>domingo.<br>\u201cMuy buen espect\u00e1culo. Me enter\u00e9 de la presentaci\u00f3n por redes sociales.<br>Respecto al repertorio, estuvo muy variado, muy bueno todo\u201d, dijo por su parte<br>Pablo Castro, quien tambi\u00e9n asisti\u00f3 a la velada musical dominical.<br>\u201cPara la Fuerza A\u00e9rea de Chile, marzo es nuestro mes de aniversario, y la verdad<br>en manos de nuestro Comandante en Jefe y el Alto Mando Institucional, quisimos<br>hacer un cierre y qu\u00e9 mejor que hacerlo en el extremo sur de Chile, junto a toda la<\/p>\n\n\n\n<p>ciudadan\u00eda de Punta Arenas\u201d, indic\u00f3 el Comandante del Grupo de Presentaciones<br>de la Fuerza A\u00e9rea de Chile, Comandante de Grupo (A) V\u00edctor Yant\u00e9n Palacios.<\/p>\n","protected":false},"excerpt":{"rendered":"<p>En el marco de la conmemoraci\u00f3n del 95\u00b0 aniversario de la Fuerza A\u00e9rea de Chile(FACH), el s\u00e1bado 5 y el domingo 6 de abril, el Teatro Municipal \u201cJos\u00e9 Bohr\u201d dePunta&#8230; <a class=\"read-more\" href=\"https:\/\/www.radiopresidenteibanez.cl\/web\/banda-sinfonica-de-la-fuerza-aerea-de-chile-cerro-el-mesdel-aire-y-del-espacio-con-dos-conciertos-en-punta-arenas\/\">Leer m\u00e1s<\/a><\/p>\n","protected":false},"author":2,"featured_media":55516,"comment_status":"closed","ping_status":"closed","sticky":false,"template":"","format":"standard","meta":{"footnotes":""},"categories":[1],"tags":[],"class_list":["post-55515","post","type-post","status-publish","format-standard","has-post-thumbnail","hentry","category-cronica"],"_links":{"self":[{"href":"https:\/\/www.radiopresidenteibanez.cl\/web\/wp-json\/wp\/v2\/posts\/55515","targetHints":{"allow":["GET"]}}],"collection":[{"href":"https:\/\/www.radiopresidenteibanez.cl\/web\/wp-json\/wp\/v2\/posts"}],"about":[{"href":"https:\/\/www.radiopresidenteibanez.cl\/web\/wp-json\/wp\/v2\/types\/post"}],"author":[{"embeddable":true,"href":"https:\/\/www.radiopresidenteibanez.cl\/web\/wp-json\/wp\/v2\/users\/2"}],"replies":[{"embeddable":true,"href":"https:\/\/www.radiopresidenteibanez.cl\/web\/wp-json\/wp\/v2\/comments?post=55515"}],"version-history":[{"count":0,"href":"https:\/\/www.radiopresidenteibanez.cl\/web\/wp-json\/wp\/v2\/posts\/55515\/revisions"}],"wp:featuredmedia":[{"embeddable":true,"href":"https:\/\/www.radiopresidenteibanez.cl\/web\/wp-json\/wp\/v2\/media\/55516"}],"wp:attachment":[{"href":"https:\/\/www.radiopresidenteibanez.cl\/web\/wp-json\/wp\/v2\/media?parent=55515"}],"wp:term":[{"taxonomy":"category","embeddable":true,"href":"https:\/\/www.radiopresidenteibanez.cl\/web\/wp-json\/wp\/v2\/categories?post=55515"},{"taxonomy":"post_tag","embeddable":true,"href":"https:\/\/www.radiopresidenteibanez.cl\/web\/wp-json\/wp\/v2\/tags?post=55515"}],"curies":[{"name":"wp","href":"https:\/\/api.w.org\/{rel}","templated":true}]}}