{"id":5548,"date":"2019-07-03T20:25:36","date_gmt":"2019-07-03T20:25:36","guid":{"rendered":"http:\/\/www.radiopresidenteibanez.cl\/web\/?p=5548"},"modified":"2019-07-03T20:56:49","modified_gmt":"2019-07-03T20:56:49","slug":"diputada-amar-y-denuncia-de-negligencia-en-hospital-de-puerto-natales-no-podemos-permitir-que-sigan-muriendo-ninos-en-magallanes","status":"publish","type":"post","link":"https:\/\/www.radiopresidenteibanez.cl\/web\/diputada-amar-y-denuncia-de-negligencia-en-hospital-de-puerto-natales-no-podemos-permitir-que-sigan-muriendo-ninos-en-magallanes\/","title":{"rendered":"DIPUTADA AMAR Y DENUNCIA DE NEGLIGENCIA M\u00c9DICA: \u201cNO PODEMOS PERMITIR QUE SIGAN MURIENDO NI\u00d1OS EN MAGALLANES\u201d"},"content":{"rendered":"\n<p>Las alarmas han vuelto a encenderse en la salud p\u00fablica en Magallanes, y en esta instancia fue producto del fallecimiento de una lactante de ocho meses en el Hospital Cl\u00ednico de Punta Arenas, situaci\u00f3n que los familiares del menor califican como una negligencia.<\/p>\n\n\n\n<p>Producto del lamentable deceso, la diputada UDI, Sandra Amar, emiti\u00f3 un oficio de fiscalizaci\u00f3n tanto al MINSAL como al Servicio de Salud de Magallanes en donde solicita informaci\u00f3n respecto al personal, protocolos y procedimientos que se llevan a cabo al interior del hospital Augusto Essmann de Puerto Natales, lugar donde el menor fue ingresado en primera instancia.<\/p>\n\n\n\n<p>\u201cLamento profundamente la muerte de este menor y me parece de una gravedad extrema que este no sea el \u00fanico caso en la regi\u00f3n\u201d, indic\u00f3 la diputada y agreg\u00f3 que \u201cel a\u00f1o pasado este hospital Augusto Essmann fue recategorizado como hospital de Mediana Complejidad por lo que requer\u00ed se me informe si los recursos correspondientes a este proceso fueron o no traspasados como correspond\u00eda, y en esa l\u00ednea, si es que el servicio de urgencia cuenta con los especialistas con residencia con los que debiera contar a estas alturas\u201d.<\/p>\n\n\n\n<p>En cuanto a este servicio de urgencias, cabe se\u00f1alar que la Gobernadora de \u00daltima Esperanza, Ana Mayorga, ha facilitado antecedentes que indican que el tiempo de espera por una atenci\u00f3n puede llegar a las seis horas. Considerando lo anterior y respecto a declaraciones emitidas por otras autoridades en el transcurso del d\u00eda, la diputada Amar fue enf\u00e1tica en se\u00f1alar que \u201cno podemos generalizar, en lo que a hospitalizaciones se refiere el hospital de Natales funciona bien. Donde s\u00ed tenemos problemas que deben ser corregidos es en la atenci\u00f3n de urgencia que constantemente se ve colapsasda y que hasta donde tengo entendido, a\u00fan no cuenta con especialistas con residencia, es decir, los m\u00e9dicos no est\u00e1n en el recinto, van cuando los llaman, lo que claramente genera una congesti\u00f3n importante y una p\u00e9rdida de minutos vitales cuando se trata de salvar la vida de una persona\u201d.<\/p>\n\n\n\n<p>Otro punto tratado en la misiva enviada por Amar, dice relaci\u00f3n a los acuerdos tomados el a\u00f1o pasado por el MINSAL luego de la huelga de los funcionarios, \u201ces urgente saber en qu\u00e9 va eso, si se ha cumplido o no con lo que se acord\u00f3 en aquella instancia\u201d.<\/p>\n\n\n\n<p>Para finalizar Sandra Amar hizo un llamado a las autoridades correspondientes a investigar las circunstancias que rodearon el deceso de la menor y clarificar a la brevedad si se trat\u00f3 de una negligencia, y si es as\u00ed, establecer responsabilidades, ya que a su juicio, \u201cno podemos permitir que haya personas esperando cinco o seis horas por una atenci\u00f3n m\u00e9dica. No podemos permitir que sigan muriendo ni\u00f1os en Magallanes\u201d<br><\/p>\n\n\n\n<figure class=\"wp-block-image\"><img loading=\"lazy\" decoding=\"async\" width=\"1000\" height=\"562\" src=\"http:\/\/www.radiopresidenteibanez.cl\/web\/wp-content\/uploads\/2019\/04\/2017-08-21-sandra-amar-candidata.jpg\" alt=\"\" class=\"wp-image-3008\" srcset=\"https:\/\/www.radiopresidenteibanez.cl\/web\/wp-content\/uploads\/2019\/04\/2017-08-21-sandra-amar-candidata.jpg 1000w, https:\/\/www.radiopresidenteibanez.cl\/web\/wp-content\/uploads\/2019\/04\/2017-08-21-sandra-amar-candidata-300x169.jpg 300w, https:\/\/www.radiopresidenteibanez.cl\/web\/wp-content\/uploads\/2019\/04\/2017-08-21-sandra-amar-candidata-768x432.jpg 768w\" sizes=\"auto, (max-width: 1000px) 100vw, 1000px\" \/><\/figure>\n","protected":false},"excerpt":{"rendered":"<p>Las alarmas han vuelto a encenderse en la salud p\u00fablica en Magallanes, y en esta instancia fue producto del fallecimiento de una lactante de ocho meses en el Hospital Cl\u00ednico&#8230; <a class=\"read-more\" href=\"https:\/\/www.radiopresidenteibanez.cl\/web\/diputada-amar-y-denuncia-de-negligencia-en-hospital-de-puerto-natales-no-podemos-permitir-que-sigan-muriendo-ninos-en-magallanes\/\">Leer m\u00e1s<\/a><\/p>\n","protected":false},"author":2,"featured_media":3008,"comment_status":"closed","ping_status":"closed","sticky":false,"template":"","format":"standard","meta":{"footnotes":""},"categories":[1],"tags":[],"class_list":["post-5548","post","type-post","status-publish","format-standard","has-post-thumbnail","hentry","category-cronica"],"_links":{"self":[{"href":"https:\/\/www.radiopresidenteibanez.cl\/web\/wp-json\/wp\/v2\/posts\/5548","targetHints":{"allow":["GET"]}}],"collection":[{"href":"https:\/\/www.radiopresidenteibanez.cl\/web\/wp-json\/wp\/v2\/posts"}],"about":[{"href":"https:\/\/www.radiopresidenteibanez.cl\/web\/wp-json\/wp\/v2\/types\/post"}],"author":[{"embeddable":true,"href":"https:\/\/www.radiopresidenteibanez.cl\/web\/wp-json\/wp\/v2\/users\/2"}],"replies":[{"embeddable":true,"href":"https:\/\/www.radiopresidenteibanez.cl\/web\/wp-json\/wp\/v2\/comments?post=5548"}],"version-history":[{"count":0,"href":"https:\/\/www.radiopresidenteibanez.cl\/web\/wp-json\/wp\/v2\/posts\/5548\/revisions"}],"wp:featuredmedia":[{"embeddable":true,"href":"https:\/\/www.radiopresidenteibanez.cl\/web\/wp-json\/wp\/v2\/media\/3008"}],"wp:attachment":[{"href":"https:\/\/www.radiopresidenteibanez.cl\/web\/wp-json\/wp\/v2\/media?parent=5548"}],"wp:term":[{"taxonomy":"category","embeddable":true,"href":"https:\/\/www.radiopresidenteibanez.cl\/web\/wp-json\/wp\/v2\/categories?post=5548"},{"taxonomy":"post_tag","embeddable":true,"href":"https:\/\/www.radiopresidenteibanez.cl\/web\/wp-json\/wp\/v2\/tags?post=5548"}],"curies":[{"name":"wp","href":"https:\/\/api.w.org\/{rel}","templated":true}]}}