{"id":55476,"date":"2025-04-04T12:54:00","date_gmt":"2025-04-04T15:54:00","guid":{"rendered":"https:\/\/www.radiopresidenteibanez.cl\/web\/?p=55476"},"modified":"2025-04-04T10:12:45","modified_gmt":"2025-04-04T13:12:45","slug":"banda-sinfonica-de-la-fach-se-presentara-enpunta-arenas-para-cerrar-el-mes-del-aire-y-del-espacio","status":"publish","type":"post","link":"https:\/\/www.radiopresidenteibanez.cl\/web\/banda-sinfonica-de-la-fach-se-presentara-enpunta-arenas-para-cerrar-el-mes-del-aire-y-del-espacio\/","title":{"rendered":"Banda Sinf\u00f3nica de la FACH se presentar\u00e1 en Punta Arenas para cerrar el Mes del Aire y del Espacio"},"content":{"rendered":"\n<p>En el marco de la conmemoraci\u00f3n del 95\u00b0 aniversario de la Fuerza A\u00e9rea de Chile<br>(FACH), la Banda Sinf\u00f3nica de la instituci\u00f3n ofrecer\u00e1 un concierto gratuito en<br>Punta Arenas. La presentaci\u00f3n se realizar\u00e1 el domingo 6 de abril, a las 19:00<br>horas, en el Teatro Municipal \u201cJos\u00e9 Bohr\u201d.<br>El evento es abierto a la comunidad, pero requiere entrada. Un primer grupo de<br>boletos fue entregado el jueves 3 de abril, mientras que una nueva y \u00faltima<br>entrega est\u00e1 programada para hoy viernes 4 de marzo, entre las 15:00 y 18:00<br>horas, en el mismo teatro.<br>M\u00e1s de 50 m\u00fasicos estar\u00e1n sobre el escenario bajo la direcci\u00f3n del maestro<br>Fabrizzio de Negri Murillo. Cabe destacar que la presentaci\u00f3n estar\u00e1 a cargo de la<br>Banda Sinf\u00f3nica de la FACH y no de su Big Band.<br>Quienes no puedan asistir al concierto podr\u00e1n conocer el talento de los m\u00fasicos<br>de la FACH, ya que un cuarteto de saxofones se presentar\u00e1 el domingo 6 de abril,<br>en el M\u00f3dulo Central de Zona Franca, a partir de las 12:00 horas.<br>Repertorio<br>El programa incluir\u00e1 piezas de reconocidas bandas sonoras de pel\u00edculas,<br>interpretadas previamente en las Semanas Musicales de Frutillar 2025. Adem\u00e1s,<br>la banda sorprender\u00e1 con dos obras de rock sinf\u00f3nico que formaron parte de su<br>presentaci\u00f3n en el Festival Lollapalooza 2024. Como cierre, interpretar\u00e1n la<br>emblem\u00e1tica Obertura 1812 de Piotr Ilyich Tchaikovsky.<br>Postulaci\u00f3n para M\u00fasicos Militares<br>La Fuerza A\u00e9rea de Chile invita a quienes deseen formar parte de la Escuadrilla<br>de Bandas a postular al Curso Especial de Formaci\u00f3n del Personal de los<\/p>\n\n\n\n<p>Servicios 2025, cuyo proceso estar\u00e1 abierto hasta el 30 de mayo. Para m\u00e1s<br>informaci\u00f3n, los interesados pueden visitar las redes sociales de @bandafach.<\/p>\n","protected":false},"excerpt":{"rendered":"<p>En el marco de la conmemoraci\u00f3n del 95\u00b0 aniversario de la Fuerza A\u00e9rea de Chile(FACH), la Banda Sinf\u00f3nica de la instituci\u00f3n ofrecer\u00e1 un concierto gratuito enPunta Arenas. La presentaci\u00f3n se&#8230; <a class=\"read-more\" href=\"https:\/\/www.radiopresidenteibanez.cl\/web\/banda-sinfonica-de-la-fach-se-presentara-enpunta-arenas-para-cerrar-el-mes-del-aire-y-del-espacio\/\">Leer m\u00e1s<\/a><\/p>\n","protected":false},"author":2,"featured_media":55477,"comment_status":"closed","ping_status":"closed","sticky":false,"template":"","format":"standard","meta":{"footnotes":""},"categories":[1],"tags":[],"class_list":["post-55476","post","type-post","status-publish","format-standard","has-post-thumbnail","hentry","category-cronica"],"_links":{"self":[{"href":"https:\/\/www.radiopresidenteibanez.cl\/web\/wp-json\/wp\/v2\/posts\/55476","targetHints":{"allow":["GET"]}}],"collection":[{"href":"https:\/\/www.radiopresidenteibanez.cl\/web\/wp-json\/wp\/v2\/posts"}],"about":[{"href":"https:\/\/www.radiopresidenteibanez.cl\/web\/wp-json\/wp\/v2\/types\/post"}],"author":[{"embeddable":true,"href":"https:\/\/www.radiopresidenteibanez.cl\/web\/wp-json\/wp\/v2\/users\/2"}],"replies":[{"embeddable":true,"href":"https:\/\/www.radiopresidenteibanez.cl\/web\/wp-json\/wp\/v2\/comments?post=55476"}],"version-history":[{"count":0,"href":"https:\/\/www.radiopresidenteibanez.cl\/web\/wp-json\/wp\/v2\/posts\/55476\/revisions"}],"wp:featuredmedia":[{"embeddable":true,"href":"https:\/\/www.radiopresidenteibanez.cl\/web\/wp-json\/wp\/v2\/media\/55477"}],"wp:attachment":[{"href":"https:\/\/www.radiopresidenteibanez.cl\/web\/wp-json\/wp\/v2\/media?parent=55476"}],"wp:term":[{"taxonomy":"category","embeddable":true,"href":"https:\/\/www.radiopresidenteibanez.cl\/web\/wp-json\/wp\/v2\/categories?post=55476"},{"taxonomy":"post_tag","embeddable":true,"href":"https:\/\/www.radiopresidenteibanez.cl\/web\/wp-json\/wp\/v2\/tags?post=55476"}],"curies":[{"name":"wp","href":"https:\/\/api.w.org\/{rel}","templated":true}]}}