{"id":55473,"date":"2025-04-04T11:28:00","date_gmt":"2025-04-04T14:28:00","guid":{"rendered":"https:\/\/www.radiopresidenteibanez.cl\/web\/?p=55473"},"modified":"2025-04-04T09:48:58","modified_gmt":"2025-04-04T12:48:58","slug":"educar-es-un-acto-de-amor-y-esperanza-para-el-bien-comun","status":"publish","type":"post","link":"https:\/\/www.radiopresidenteibanez.cl\/web\/educar-es-un-acto-de-amor-y-esperanza-para-el-bien-comun\/","title":{"rendered":"EDUCAR ES UN ACTO DE AMOR Y ESPERANZA, PARA EL BIEN COMUN"},"content":{"rendered":"\n<p>Frente al paro de los docentes del Servicio Local de Educaci\u00f3n P\u00fablica en la Regi\u00f3n de Magallanes,<br>como Departamento de Educaci\u00f3n del Obispado de Punta Arenas, junto a los profesores de religi\u00f3n cat\u00f3lica, hacemos un llamado urgente, para que &#8211; desde una apertura y actitud dialogante- se puedan abrir caminos de acercamientos para resolver los puntos de desencuentro entre ambas partes en conflicto. Se trata de un ejercicio c\u00edvico que est\u00e1 en el coraz\u00f3n de la vida democr\u00e1tica y, por lo mismo, hay una corresponsabilidad de las partes en respetar tanto los acuerdos como las diferencias, en la b\u00fasqueda de soluciones.<br>Esta mutua b\u00fasqueda de acuerdos supone reconocer las demandas de unos y las respuestas de<br>otros, aunque no siempre se cumpla con las expectativas deseadas. Es importante tener en cuenta<br>que en el proceso de di\u00e1logo deben manifestarse con claridad los compromisos que se asuman, con los plazos definidos y recursos concretos que beneficien a la educaci\u00f3n p\u00fablica.<br>En este conflicto, la responsabilidad pol\u00edtica de las autoridades y de los dirigentes gremiales es,<br>tambi\u00e9n, una responsabilidad \u00e9tica que garantice las m\u00ednimas condiciones que permitan restituir el<br>derecho a la educaci\u00f3n a los miles de ni\u00f1os y ni\u00f1as de nuestra regi\u00f3n, afectados por esta<br>paralizaci\u00f3n. Creemos que, ante la falta de acuerdos, se siguen agravando en nuestra regi\u00f3n las<br>desigualdades de acceso a las oportunidades que todos los y las estudiantes requieren para su<br>formaci\u00f3n y desarrollo integral.<br>Hay consenso en la comunidad magall\u00e1nica que, una educaci\u00f3n de calidad pasa por la valoraci\u00f3n de los educadores y educadoras de nuestras escuelas y liceos, especialmente de aquellos que cumplen su misi\u00f3n en sectores m\u00e1s vulnerables y zonas extremas. Tambi\u00e9n reconocemos que es<br>responsabilidad de los gobiernos apoyar a sus profesores, y estos a su vez tienen una<br>responsabilidad pedag\u00f3gica y \u00e9tica con los estudiantes y sus familias.<br>Pedimos a las autoridades y a los dirigentes gremiales no escatimar recursos para buscar soluciones concretas y compromisos reales para fortalecer la educaci\u00f3n p\u00fablica. Educar es siempre un acto de amor y esperanza, fundado en la capacidad de escuchar, dialogar y buscar el bien com\u00fan.<\/p>\n\n\n\n<p>Obispado de Punta Arenas<\/p>\n","protected":false},"excerpt":{"rendered":"<p>Frente al paro de los docentes del Servicio Local de Educaci\u00f3n P\u00fablica en la Regi\u00f3n de Magallanes,como Departamento de Educaci\u00f3n del Obispado de Punta Arenas, junto a los profesores de&#8230; <a class=\"read-more\" href=\"https:\/\/www.radiopresidenteibanez.cl\/web\/educar-es-un-acto-de-amor-y-esperanza-para-el-bien-comun\/\">Leer m\u00e1s<\/a><\/p>\n","protected":false},"author":2,"featured_media":55474,"comment_status":"closed","ping_status":"closed","sticky":false,"template":"","format":"standard","meta":{"footnotes":""},"categories":[1],"tags":[],"class_list":["post-55473","post","type-post","status-publish","format-standard","has-post-thumbnail","hentry","category-cronica"],"_links":{"self":[{"href":"https:\/\/www.radiopresidenteibanez.cl\/web\/wp-json\/wp\/v2\/posts\/55473","targetHints":{"allow":["GET"]}}],"collection":[{"href":"https:\/\/www.radiopresidenteibanez.cl\/web\/wp-json\/wp\/v2\/posts"}],"about":[{"href":"https:\/\/www.radiopresidenteibanez.cl\/web\/wp-json\/wp\/v2\/types\/post"}],"author":[{"embeddable":true,"href":"https:\/\/www.radiopresidenteibanez.cl\/web\/wp-json\/wp\/v2\/users\/2"}],"replies":[{"embeddable":true,"href":"https:\/\/www.radiopresidenteibanez.cl\/web\/wp-json\/wp\/v2\/comments?post=55473"}],"version-history":[{"count":0,"href":"https:\/\/www.radiopresidenteibanez.cl\/web\/wp-json\/wp\/v2\/posts\/55473\/revisions"}],"wp:featuredmedia":[{"embeddable":true,"href":"https:\/\/www.radiopresidenteibanez.cl\/web\/wp-json\/wp\/v2\/media\/55474"}],"wp:attachment":[{"href":"https:\/\/www.radiopresidenteibanez.cl\/web\/wp-json\/wp\/v2\/media?parent=55473"}],"wp:term":[{"taxonomy":"category","embeddable":true,"href":"https:\/\/www.radiopresidenteibanez.cl\/web\/wp-json\/wp\/v2\/categories?post=55473"},{"taxonomy":"post_tag","embeddable":true,"href":"https:\/\/www.radiopresidenteibanez.cl\/web\/wp-json\/wp\/v2\/tags?post=55473"}],"curies":[{"name":"wp","href":"https:\/\/api.w.org\/{rel}","templated":true}]}}