{"id":55470,"date":"2025-04-04T10:41:00","date_gmt":"2025-04-04T13:41:00","guid":{"rendered":"https:\/\/www.radiopresidenteibanez.cl\/web\/?p=55470"},"modified":"2025-04-04T09:27:33","modified_gmt":"2025-04-04T12:27:33","slug":"sindicato-de-trabajadores-de-enap-magallanes-renueva-directiva-con-alta-participacion-electoral","status":"publish","type":"post","link":"https:\/\/www.radiopresidenteibanez.cl\/web\/sindicato-de-trabajadores-de-enap-magallanes-renueva-directiva-con-alta-participacion-electoral\/","title":{"rendered":"Sindicato de Trabajadores de Enap Magallanes renueva directiva con alta participaci\u00f3n electoral"},"content":{"rendered":"\n<p>Con una participaci\u00f3n del 89,7% de sus afiliados, el Sindicato de Trabajadores<br>de Enap Magallanes llev\u00f3 a cabo con \u00e9xito la elecci\u00f3n de su nueva directiva para el periodo 2025-2027.<br>M\u00e1s de 900 socios participaron en el proceso, que se desarroll\u00f3 a trav\u00e9s del voto digital, permitiendo una amplia representatividad y transparencia en la elecci\u00f3n.<br>El escrutinio, realizado este jueves 3 de abril, confirm\u00f3 la reelecci\u00f3n de Graciela V\u00e1squez como<br>presidenta del gremio con 301 votos, consolidando su liderazgo dentro de la organizaci\u00f3n. La<br>acompa\u00f1ar\u00e1n en la nueva directiva Armando Guala (251 votos), Rodrigo Leiva (242), Sergio \u00c1guila (223) y Carlos Aro (221), quienes obtuvieron las primeras mayor\u00edas. Adem\u00e1s, los candidatos Pedro Hern\u00e1ndez (211), C\u00e9sar D\u00edaz (165), Hugo \u00c1lvarez (159), Patricio Andrade (138), Cristian Godoy (102) y Ricardo Dettleft (89) tambi\u00e9n participaron en el proceso electoral.<br>Tras conocerse los resultados, V\u00e1squez calific\u00f3 el proceso como un \u00e9xito y destac\u00f3 el respaldo recibido por parte de los trabajadores. \u201cLa gente ha reconocido el esfuerzo que uno realiz\u00f3 en el \u00faltimo periodo.<br>Los grandes protagonistas son los mismos trabajadores y trabajadoras que se hicieron parte del proceso, y por ello estoy muy agradecida por su voto de confianza\u201d, se\u00f1al\u00f3.<br>Con miras al nuevo per\u00edodo, la directiva enfocar\u00e1 sus esfuerzos en fortalecer la protecci\u00f3n del empleo y potenciar el crecimiento del negocio de Enap Magallanes. V\u00e1squez explic\u00f3 que el trabajo se dividir\u00e1 en dos l\u00edneas principales: la gesti\u00f3n interna del sindicato y la interlocuci\u00f3n con la empresa. \u201cLo que nos interesa como gremio es asegurar la estabilidad laboral y fortalecer la proyecci\u00f3n de nuevos clientes, porque mientras exista trabajo, todos estaremos bien\u201d, indic\u00f3.<br>Asimismo, la dirigente resalt\u00f3 la importancia de recuperar la cohesi\u00f3n y representatividad del sindicato, aspirando a reposicionarlo como un referente no solo a nivel regional, sino tambi\u00e9n a nivel nacional. En este sentido, record\u00f3 con preocupaci\u00f3n el proceso de despidos ocurrido el a\u00f1o pasado, en el que 29 socios y socias fueron desvinculados. \u201cFue un momento dif\u00edcil, y esperamos que situaciones como esa no vuelvan a repetirse. Hoy en d\u00eda, todos los trabajadores son fundamentales para la empresa, por lo que las futuras conversaciones con la compa\u00f1\u00eda ser\u00e1n clave para evitar nuevos despidos\u201d, enfatiz\u00f3 V\u00e1squez.<br>La nueva directiva del Sindicato de Trabajadores de Enap Magallanes se prepara ahora para definir su plan de trabajo para los pr\u00f3ximos dos a\u00f1os, con el desaf\u00edo de consolidar un sindicato fuerte, unido y comprometido con la defensa de los derechos laborales y el futuro de la industria en la regi\u00f3n.<\/p>\n\n\n\n<p><\/p>\n","protected":false},"excerpt":{"rendered":"<p>Con una participaci\u00f3n del 89,7% de sus afiliados, el Sindicato de Trabajadoresde Enap Magallanes llev\u00f3 a cabo con \u00e9xito la elecci\u00f3n de su nueva directiva para el periodo 2025-2027.M\u00e1s de&#8230; <a class=\"read-more\" href=\"https:\/\/www.radiopresidenteibanez.cl\/web\/sindicato-de-trabajadores-de-enap-magallanes-renueva-directiva-con-alta-participacion-electoral\/\">Leer m\u00e1s<\/a><\/p>\n","protected":false},"author":2,"featured_media":55471,"comment_status":"closed","ping_status":"closed","sticky":false,"template":"","format":"standard","meta":{"footnotes":""},"categories":[1],"tags":[],"class_list":["post-55470","post","type-post","status-publish","format-standard","has-post-thumbnail","hentry","category-cronica"],"_links":{"self":[{"href":"https:\/\/www.radiopresidenteibanez.cl\/web\/wp-json\/wp\/v2\/posts\/55470","targetHints":{"allow":["GET"]}}],"collection":[{"href":"https:\/\/www.radiopresidenteibanez.cl\/web\/wp-json\/wp\/v2\/posts"}],"about":[{"href":"https:\/\/www.radiopresidenteibanez.cl\/web\/wp-json\/wp\/v2\/types\/post"}],"author":[{"embeddable":true,"href":"https:\/\/www.radiopresidenteibanez.cl\/web\/wp-json\/wp\/v2\/users\/2"}],"replies":[{"embeddable":true,"href":"https:\/\/www.radiopresidenteibanez.cl\/web\/wp-json\/wp\/v2\/comments?post=55470"}],"version-history":[{"count":0,"href":"https:\/\/www.radiopresidenteibanez.cl\/web\/wp-json\/wp\/v2\/posts\/55470\/revisions"}],"wp:featuredmedia":[{"embeddable":true,"href":"https:\/\/www.radiopresidenteibanez.cl\/web\/wp-json\/wp\/v2\/media\/55471"}],"wp:attachment":[{"href":"https:\/\/www.radiopresidenteibanez.cl\/web\/wp-json\/wp\/v2\/media?parent=55470"}],"wp:term":[{"taxonomy":"category","embeddable":true,"href":"https:\/\/www.radiopresidenteibanez.cl\/web\/wp-json\/wp\/v2\/categories?post=55470"},{"taxonomy":"post_tag","embeddable":true,"href":"https:\/\/www.radiopresidenteibanez.cl\/web\/wp-json\/wp\/v2\/tags?post=55470"}],"curies":[{"name":"wp","href":"https:\/\/api.w.org\/{rel}","templated":true}]}}