{"id":55453,"date":"2025-04-03T15:13:00","date_gmt":"2025-04-03T18:13:00","guid":{"rendered":"https:\/\/www.radiopresidenteibanez.cl\/web\/?p=55453"},"modified":"2025-04-03T13:34:21","modified_gmt":"2025-04-03T16:34:21","slug":"23-instaladores-electricos-clase-d-reciben-su-certificado-de-chilevalora","status":"publish","type":"post","link":"https:\/\/www.radiopresidenteibanez.cl\/web\/23-instaladores-electricos-clase-d-reciben-su-certificado-de-chilevalora\/","title":{"rendered":"23 Instaladores el\u00e9ctricos clase D reciben su certificado de ChileValora"},"content":{"rendered":"\n<p>En una nueva ceremonia de certificaci\u00f3n de competencias laborales liderada por ChileValora -servicio dependiente del Ministerio del Trabajo y Previsi\u00f3n Social- un total de 23 nuevas y nuevos instaladores el\u00e9ctricos clase D recibieron su correspondiente certificado que les otorga una validaci\u00f3n a sus conocimientos, ampliando sus opciones de empleabilidad.<br>Este evaluaci\u00f3n y posterior acreditaci\u00f3n de competencias laborales fue posible gracias a la<br>coordinaci\u00f3n desarrollada por ChileValora con el apoyo financiero de Aguas Magallanes a trav\u00e9s<br>del programa de franquicia tributaria del Servicio Nacional de Capacitaci\u00f3n y Empleo (Sence) y del<br>centro evaluador Jes&amp;Dor que desarroll\u00f3 todo el proceso.<br>Una de las ventajas que tiene esta distinci\u00f3n, adem\u00e1s, es que otorga la certificaci\u00f3n SEC (de la<br>Superintendencia de Electricidad y Combustibles) a quienes completaron con \u00e9xito su proceso.<br>El Delegado Presidencial Regional de Magallanes, Jos\u00e9 Ruiz Pivcevic, declar\u00f3: \u201cEstamos muy<br>contentos de entregar la certificaci\u00f3n laboral a 23 instaladores e instaladoras el\u00e9ctricas clase d que<br>ayuda en su desarrollo laboral. Quiero felicitar y agradecer a Aguas Magallanes por el impulso a<br>este proceso, a Chile Valora y, por cierto, a las 23 personas que culminaron exitosamente este<br>proceso, particularmente a las mujeres, porque a trav\u00e9s de ellas se va acortando la brecha de<br>participaci\u00f3n femenina en labores que hist\u00f3ricamente han sido masculinizadas pero que es<br>necesario estrechar para ir potenciando su ingreso a este tipo de sectores\u201d.<br>Por su parte, la Seremi del Trabajo, Doris Sandoval Miranda, valor\u00f3 c\u00f3mo a trav\u00e9s de cada una de<br>las ceremonias de certificaci\u00f3n del \u00faltimo a\u00f1o, se han ido sumando mujeres en espacios laborales<br>no tradicionales. \u201cNuevamente, tenemos un grupo de mujeres que certificaron su experiencia y<br>conocimientos en un \u00e1rea que es poco tradicional para el empleo femenino, con lo cual,<br>paulatinamente, hemos ido avanzando en este objetivo de integrar mujeres en estos espacios<br>laborales\u201d, subray\u00f3.<br>Javiera Alegr\u00eda, una de las flamantes instaladoras el\u00e9ctricas certificadas en esta ceremonia, recalc\u00f3<br>su alegr\u00eda tras recibir su diploma. \u201cEstoy s\u00faper contenta, agradecida de haberme certificado. Yo<br>estoy trabajando en Salfa y mi jefe me inscribi\u00f3 para poder certificarme. Tuve que rendir una<br>prueba y despu\u00e9s un examen pr\u00e1ctico y te\u00f30rico. A m\u00ed me parece demasiado bien, porque me<br>sirve para tener m\u00e1s experiencia laboral para poder trabajar en otros lugares, as\u00ed que lo encuentro<br>excelente para m\u00ed\u201d.<\/p>\n\n\n\n<p>\u201cEste es el primer grupo de personas certificadas que son apoyados por la franquicia tributaria de<br>la empresa Aguas Magallanes. Ellos ponen a disposici\u00f3n estos fondos para que nosotros podamos<br>tambi\u00e9n distribuir y trabajar en conjunto con la comunidad. Tambi\u00e9n es importante relevar el<br>perfil que es un instalador el\u00e9ctrico clase D que, adem\u00e1s, tiene una certificaci\u00f3n SEC. Tuvimos<br>estudiantes egresados del Instituto Don Bosco, tambi\u00e9n grupos de pymes, comunidad y vecinos.<br>As\u00ed que estamos muy contentos con este proceso\u201d, destac\u00f3 la coordinadora regional de Chile<br>Valora, Marilyn C\u00e1rdenas Gonz\u00e1lez.<br>\u201cNosotros somos vecinos de los lugares donde trabajamos y tambi\u00e9n tenemos un inter\u00e9s por<br>entregar un apoyo social a la comunidad y qu\u00e9 mejor manera que ayudar a estos j\u00f3venes que<br>est\u00e1n naciendo a la vida laboral certificando sus competencias, las que aprendieron en el colegio,<br>que les va a permitir tener una herramienta m\u00e1s para desenvolverse en la vida cotidiana. La<br>invitaci\u00f3n para ellos es a crecer como instaladores, seguir estudiando y desarroll\u00e1ndose\u201d, se\u00f1al\u00f3 el<br>gerente regional de Aguas Magallanes, Christian Adema.<\/p>\n\n\n\n<p><\/p>\n","protected":false},"excerpt":{"rendered":"<p>En una nueva ceremonia de certificaci\u00f3n de competencias laborales liderada por ChileValora -servicio dependiente del Ministerio del Trabajo y Previsi\u00f3n Social- un total de 23 nuevas y nuevos instaladores el\u00e9ctricos&#8230; <a class=\"read-more\" href=\"https:\/\/www.radiopresidenteibanez.cl\/web\/23-instaladores-electricos-clase-d-reciben-su-certificado-de-chilevalora\/\">Leer m\u00e1s<\/a><\/p>\n","protected":false},"author":2,"featured_media":55454,"comment_status":"closed","ping_status":"closed","sticky":false,"template":"","format":"standard","meta":{"footnotes":""},"categories":[1],"tags":[],"class_list":["post-55453","post","type-post","status-publish","format-standard","has-post-thumbnail","hentry","category-cronica"],"_links":{"self":[{"href":"https:\/\/www.radiopresidenteibanez.cl\/web\/wp-json\/wp\/v2\/posts\/55453","targetHints":{"allow":["GET"]}}],"collection":[{"href":"https:\/\/www.radiopresidenteibanez.cl\/web\/wp-json\/wp\/v2\/posts"}],"about":[{"href":"https:\/\/www.radiopresidenteibanez.cl\/web\/wp-json\/wp\/v2\/types\/post"}],"author":[{"embeddable":true,"href":"https:\/\/www.radiopresidenteibanez.cl\/web\/wp-json\/wp\/v2\/users\/2"}],"replies":[{"embeddable":true,"href":"https:\/\/www.radiopresidenteibanez.cl\/web\/wp-json\/wp\/v2\/comments?post=55453"}],"version-history":[{"count":0,"href":"https:\/\/www.radiopresidenteibanez.cl\/web\/wp-json\/wp\/v2\/posts\/55453\/revisions"}],"wp:featuredmedia":[{"embeddable":true,"href":"https:\/\/www.radiopresidenteibanez.cl\/web\/wp-json\/wp\/v2\/media\/55454"}],"wp:attachment":[{"href":"https:\/\/www.radiopresidenteibanez.cl\/web\/wp-json\/wp\/v2\/media?parent=55453"}],"wp:term":[{"taxonomy":"category","embeddable":true,"href":"https:\/\/www.radiopresidenteibanez.cl\/web\/wp-json\/wp\/v2\/categories?post=55453"},{"taxonomy":"post_tag","embeddable":true,"href":"https:\/\/www.radiopresidenteibanez.cl\/web\/wp-json\/wp\/v2\/tags?post=55453"}],"curies":[{"name":"wp","href":"https:\/\/api.w.org\/{rel}","templated":true}]}}