{"id":55450,"date":"2025-04-03T13:30:54","date_gmt":"2025-04-03T16:30:54","guid":{"rendered":"https:\/\/www.radiopresidenteibanez.cl\/web\/?p=55450"},"modified":"2025-04-03T13:31:01","modified_gmt":"2025-04-03T16:31:01","slug":"secreduc-condena-los-hechos-de-violencia-perpetrados-esta-manana-por-docentes","status":"publish","type":"post","link":"https:\/\/www.radiopresidenteibanez.cl\/web\/secreduc-condena-los-hechos-de-violencia-perpetrados-esta-manana-por-docentes\/","title":{"rendered":"Secreduc condena los hechos de violencia perpetrados esta ma\u00f1ana por docentes"},"content":{"rendered":"\n<p>\u201cLamentamos los hechos ocurridos esta ma\u00f1ana en la Secretar\u00eda Regional Ministerial de Educaci\u00f3n, donde un grupo de profesores se manifestaron en el frontis del servicio, impidiendo el ingreso de las y los funcionarios a su trabajo, perjudicando directamente a los usuarios que recurren diariamente a la instituci\u00f3n. Condenamos los hechos de violencia que realizaron algunos docentes da\u00f1ando la reja de ingreso, ingresando al recinto de forma ilegal y cortando el gas\u201d.<\/p>\n\n\n\n<p>Ac\u00e1 los profesores y profesoras siempre han sido recibidos en un clima de respeto y fomentando el di\u00e1logo. Es fundamental que las dirigencias de gremios y sindicatos asuman su responsabilidad por el bienestar de sus propios socios. No vamos a ceder frente a este tipo de presiones, nuestro rol hoy es asegurar la educaci\u00f3n de las y los estudiantes en Magallanes. Y avanzaremos en ese camino, los ni\u00f1os, ni\u00f1as y j\u00f3venes no pueden seguir esperando\u201d, expres\u00f3 el seremi de Educaci\u00f3n, Valent\u00edn Aguilera G\u00f3mez.&nbsp;<\/p>\n\n\n\n<p>Por su parte, la presidenta del Comit\u00e9 Paritario de Higiene y Seguridad de la Secreduc, Cecilia Delgado Barr\u00eda, expres\u00f3 que \u201cla situaci\u00f3n vivida esta ma\u00f1ana en el ingreso a nuestro trabajo fue muy estresante por la presencia de profesores que impidieron que cumplamos con nuestra labor. Esto va en perjuicio de la comunidad que atendemos, por cuanto necesitan mucha informaci\u00f3n y documentos que nosotros emitimos y que hoy no se ha podido realizar. Tambi\u00e9n encuentro muy mal que hayan echado a perder la calefacci\u00f3n intencionalmente. Uno puede entender que existan diferencias, pero como trabajadores no podemos estar de acuerdo con situaciones vand\u00e1licas que se est\u00e1n presentando en este minuto\u201d.<\/p>\n\n\n\n<p>Cabe destacar que Carabineros perici\u00f3 las dependencias de la Secretar\u00eda Regional Ministerial de Educaci\u00f3n, constatando el da\u00f1o realizado por los manifestantes. De acuerdo a las \u00faltimas informaciones, la denuncia ya fue estampada y los responsables del delito estar\u00edan identificados.&nbsp;<\/p>\n\n\n\n<p>FOTO REFERENCIAL<\/p>\n","protected":false},"excerpt":{"rendered":"<p>\u201cLamentamos los hechos ocurridos esta ma\u00f1ana en la Secretar\u00eda Regional Ministerial de Educaci\u00f3n, donde un grupo de profesores se manifestaron en el frontis del servicio, impidiendo el ingreso de las&#8230; <a class=\"read-more\" href=\"https:\/\/www.radiopresidenteibanez.cl\/web\/secreduc-condena-los-hechos-de-violencia-perpetrados-esta-manana-por-docentes\/\">Leer m\u00e1s<\/a><\/p>\n","protected":false},"author":2,"featured_media":55451,"comment_status":"closed","ping_status":"closed","sticky":false,"template":"","format":"standard","meta":{"footnotes":""},"categories":[1],"tags":[],"class_list":["post-55450","post","type-post","status-publish","format-standard","has-post-thumbnail","hentry","category-cronica"],"_links":{"self":[{"href":"https:\/\/www.radiopresidenteibanez.cl\/web\/wp-json\/wp\/v2\/posts\/55450","targetHints":{"allow":["GET"]}}],"collection":[{"href":"https:\/\/www.radiopresidenteibanez.cl\/web\/wp-json\/wp\/v2\/posts"}],"about":[{"href":"https:\/\/www.radiopresidenteibanez.cl\/web\/wp-json\/wp\/v2\/types\/post"}],"author":[{"embeddable":true,"href":"https:\/\/www.radiopresidenteibanez.cl\/web\/wp-json\/wp\/v2\/users\/2"}],"replies":[{"embeddable":true,"href":"https:\/\/www.radiopresidenteibanez.cl\/web\/wp-json\/wp\/v2\/comments?post=55450"}],"version-history":[{"count":0,"href":"https:\/\/www.radiopresidenteibanez.cl\/web\/wp-json\/wp\/v2\/posts\/55450\/revisions"}],"wp:featuredmedia":[{"embeddable":true,"href":"https:\/\/www.radiopresidenteibanez.cl\/web\/wp-json\/wp\/v2\/media\/55451"}],"wp:attachment":[{"href":"https:\/\/www.radiopresidenteibanez.cl\/web\/wp-json\/wp\/v2\/media?parent=55450"}],"wp:term":[{"taxonomy":"category","embeddable":true,"href":"https:\/\/www.radiopresidenteibanez.cl\/web\/wp-json\/wp\/v2\/categories?post=55450"},{"taxonomy":"post_tag","embeddable":true,"href":"https:\/\/www.radiopresidenteibanez.cl\/web\/wp-json\/wp\/v2\/tags?post=55450"}],"curies":[{"name":"wp","href":"https:\/\/api.w.org\/{rel}","templated":true}]}}