{"id":5545,"date":"2019-07-03T20:21:11","date_gmt":"2019-07-03T20:21:11","guid":{"rendered":"http:\/\/www.radiopresidenteibanez.cl\/web\/?p=5545"},"modified":"2019-07-03T20:21:37","modified_gmt":"2019-07-03T20:21:37","slug":"escuelas-y-jardines-municipales-de-puerto-natales-contaran-con-desfibriladores-portatiles","status":"publish","type":"post","link":"https:\/\/www.radiopresidenteibanez.cl\/web\/escuelas-y-jardines-municipales-de-puerto-natales-contaran-con-desfibriladores-portatiles\/","title":{"rendered":"ESCUELAS Y JARDINES MUNICIPALES DE PUERTO NATALES CONTARAN CON DESFIBRILADORES PORTATILES"},"content":{"rendered":"\n<p>En el auditorio de la biblioteca p\u00fablica municipal de Natales, se realiz\u00f3\nuna capacitaci\u00f3n de reanimaci\u00f3n cardiopulmonar b\u00e1sica (RCP) a un grupo de\nprofesores representantes de cada una de las instituciones educacionales pertenecientes\na la corporaci\u00f3n municipal, los cuales aprendieron a manejar el desfibrilador\nexterno autom\u00e1tico (DEA).<\/p>\n\n\n\n<p>La capacitaci\u00f3n estuvo a cargo de la enfermera Lucy Guarda, experta en\ncardiolog\u00eda y gesti\u00f3n del cuidado pre hospitalario, entregando las herramientas\nte\u00f3ricas y pr\u00e1cticas necesarias para la aplicaci\u00f3n de reanimaci\u00f3n\ncardiopulmonar b\u00e1sica y DEA.<\/p>\n\n\n\n<p>La enfermera asesora del \u00e1rea de salud de la Cormunat, destac\u00f3 la\nimportancia de tener en cada uno de los establecimientos educacionales un\ndesfibrilador externo autom\u00e1tico y contar con personas capacitadas para su uso.\n\u201cCon esto queremos lograr tener agentes l\u00edderes en nuestra comunidad para\nrealizar y asistir a las personas ante cualquier evento\u201d. <\/p>\n\n\n\n<p>El Alcalde Natalino Fernando\nParedes Mansilla, puso \u00e9nfasis en que son una de las primeras municipalidades\ndel pa\u00eds que cumplen con esta ley promulgada por el Congreso. \u201cSon esfuerzos\necon\u00f3micos que se hacen pensando en el bienestar y en la se\u00f1al que les tenemos\nque dar a toda nuestra comunidad desde el punto de vista de seguridad. Hoy d\u00eda,\nlos padres de los alumnos y de los p\u00e1rvulos tienen que saber que cuando env\u00edan\na sus ni\u00f1os a un establecimiento municipal o &nbsp;un jard\u00edn, ese jard\u00edn infantil y ese\nestablecimiento educacional, hoy d\u00eda cuenta con un desfibrilador que les da\ngarant\u00edas de seguridad, salud y ante una eventual emergencia, a cada uno de los\nhabitantes de Puerto Natales\u201d, sostuvo. <\/p>\n\n\n\n<p>Luis Andrade Gonz\u00e1lez, director del liceo \u201cGabriela Mistral\u201d agradeci\u00f3 la\ninversi\u00f3n realizada, \u00abPara nosotros es sumamente significativo, ya que\nrecibimos a un grupo etario de adolescentes entre los 13 a los 18 a\u00f1os y que\nseg\u00fan los \u00faltimos reportes nadie est\u00e1 exento de tener un pre infarto o infarto\u201d,\nindic\u00f3.&nbsp; <\/p>\n\n\n\n<p>Todos los participantes recibieron al final del curso una certificaci\u00f3n\npara realizar el manejo del desfibrilador externo autom\u00e1tico, el cual permitir\u00e1\nsalvar vidas producto de su rapidez de estabilizaci\u00f3n, evitando sufrir un\ncolapso por parte de la v\u00edctima. <\/p>\n\n\n\n<p>En una segunda etapa se capacitar\u00e1 a las escuelas rurales de la comuna para finalizar el proceso de entrega a la totalidad de los establecimientos urbanos y rurales de la educaci\u00f3n municipal de Natales.<\/p>\n\n\n\n<figure class=\"wp-block-image\"><img loading=\"lazy\" decoding=\"async\" width=\"900\" height=\"505\" src=\"https:\/\/www.radiopresidenteibanez.cl\/web\/wp-content\/uploads\/2019\/07\/039A9039.jpg\" alt=\"\" class=\"wp-image-5546\" srcset=\"https:\/\/www.radiopresidenteibanez.cl\/web\/wp-content\/uploads\/2019\/07\/039A9039.jpg 900w, https:\/\/www.radiopresidenteibanez.cl\/web\/wp-content\/uploads\/2019\/07\/039A9039-300x168.jpg 300w, https:\/\/www.radiopresidenteibanez.cl\/web\/wp-content\/uploads\/2019\/07\/039A9039-768x431.jpg 768w\" sizes=\"auto, (max-width: 900px) 100vw, 900px\" \/><\/figure>\n","protected":false},"excerpt":{"rendered":"<p>En el auditorio de la biblioteca p\u00fablica municipal de Natales, se realiz\u00f3 una capacitaci\u00f3n de reanimaci\u00f3n cardiopulmonar b\u00e1sica (RCP) a un grupo de profesores representantes de cada una de las&#8230; <a class=\"read-more\" href=\"https:\/\/www.radiopresidenteibanez.cl\/web\/escuelas-y-jardines-municipales-de-puerto-natales-contaran-con-desfibriladores-portatiles\/\">Leer m\u00e1s<\/a><\/p>\n","protected":false},"author":2,"featured_media":5546,"comment_status":"closed","ping_status":"closed","sticky":false,"template":"","format":"standard","meta":{"footnotes":""},"categories":[1],"tags":[],"class_list":["post-5545","post","type-post","status-publish","format-standard","has-post-thumbnail","hentry","category-cronica"],"_links":{"self":[{"href":"https:\/\/www.radiopresidenteibanez.cl\/web\/wp-json\/wp\/v2\/posts\/5545","targetHints":{"allow":["GET"]}}],"collection":[{"href":"https:\/\/www.radiopresidenteibanez.cl\/web\/wp-json\/wp\/v2\/posts"}],"about":[{"href":"https:\/\/www.radiopresidenteibanez.cl\/web\/wp-json\/wp\/v2\/types\/post"}],"author":[{"embeddable":true,"href":"https:\/\/www.radiopresidenteibanez.cl\/web\/wp-json\/wp\/v2\/users\/2"}],"replies":[{"embeddable":true,"href":"https:\/\/www.radiopresidenteibanez.cl\/web\/wp-json\/wp\/v2\/comments?post=5545"}],"version-history":[{"count":0,"href":"https:\/\/www.radiopresidenteibanez.cl\/web\/wp-json\/wp\/v2\/posts\/5545\/revisions"}],"wp:featuredmedia":[{"embeddable":true,"href":"https:\/\/www.radiopresidenteibanez.cl\/web\/wp-json\/wp\/v2\/media\/5546"}],"wp:attachment":[{"href":"https:\/\/www.radiopresidenteibanez.cl\/web\/wp-json\/wp\/v2\/media?parent=5545"}],"wp:term":[{"taxonomy":"category","embeddable":true,"href":"https:\/\/www.radiopresidenteibanez.cl\/web\/wp-json\/wp\/v2\/categories?post=5545"},{"taxonomy":"post_tag","embeddable":true,"href":"https:\/\/www.radiopresidenteibanez.cl\/web\/wp-json\/wp\/v2\/tags?post=5545"}],"curies":[{"name":"wp","href":"https:\/\/api.w.org\/{rel}","templated":true}]}}