{"id":55447,"date":"2025-04-03T12:55:00","date_gmt":"2025-04-03T15:55:00","guid":{"rendered":"https:\/\/www.radiopresidenteibanez.cl\/web\/?p=55447"},"modified":"2025-04-03T12:02:56","modified_gmt":"2025-04-03T15:02:56","slug":"oficina-provincial-de-la-seremi-de-salud-en-cabo-de-hornos-presento-diagnostico-comunal-de-tea","status":"publish","type":"post","link":"https:\/\/www.radiopresidenteibanez.cl\/web\/oficina-provincial-de-la-seremi-de-salud-en-cabo-de-hornos-presento-diagnostico-comunal-de-tea\/","title":{"rendered":"OFICINA PROVINCIAL DE LA SEREMI DE SALUD EN CABO DE HORNOS PRESENT\u00d3 DIAGN\u00d3STICO COMUNAL DE TEA"},"content":{"rendered":"\n<p>En cumplimiento a Ley N\u00b021.545, la cual establece la promoci\u00f3n de la inclusi\u00f3n, la atenci\u00f3n integral, y la protecci\u00f3n de los derechos de las personas con Trastorno del Espectro Autista, la Oficina Provincial de la Seremi de Salud en Cabo de Hornos expuso ante autoridades, intersector y la comunidad el diagn\u00f3stico comunal de TEA.<br>La Jornada cont\u00f3 con las palabras iniciales del Jefe de la Oficina Provincial de esta Seremi, Carlos Martin, y la exposici\u00f3n de la encargada de salud p\u00fablica, Romina del Real, quien explic\u00f3 que \u201cesta es la primera reuni\u00f3n del a\u00f1o de la Mesa TEA. El objetivo del encuentro fue presentar el diagn\u00f3stico que nosotros nos comprometimos a realizar a nivel comunal. Adem\u00e1s, nuestra principal labor en este periodo fue concientizar sobre lo que es el Trastorno del Espectro Autista y la Ley N\u00b021.545\u201d.<br>Se\u00f1al\u00f3 que fue parte de este diagn\u00f3stico informar sobre las distintas prestaciones y servicios a los que pueden acceder los ni\u00f1os, ni\u00f1as, adolescentes y adultos TEA en esta comuna. Tambi\u00e9n, agreg\u00f3, abordar las distintas necesidades que presentaron los servicios e instituciones durante el 2024 en el proceso de implementaci\u00f3n de esta Ley, con el fin de realizar un levantamiento de informaci\u00f3n y acceder a mejoras con respecto a dichas necesidades.<br>Con relaci\u00f3n a la poblaci\u00f3n diagn\u00f3stica con la condici\u00f3n TEA, la profesional se\u00f1al\u00f3 que a trav\u00e9s de los datos que maneja el Programa de Integraci\u00f3n Escolar (PIE) del Liceo de la comuna, se cuenta con 16 ni\u00f1os, ni\u00f1as y adolescentes con autismo. En tanto, en el Hospital Comunitario Cristina Calder\u00f3n, atendi\u00f3 a 2 adultos y brindo prestaciones a 13 ni\u00f1os (incluidos en el PIE).<br>De las necesidades que se plantearon como comunidad, surge la solicitud de contar con personal<br>especializado en el \u00e1rea TEA en la comuna que brinde prestaciones permanentes a quienes viven con este diagn\u00f3stico y residen en esta localidad. Paralelamente, poder realizar un mayor n\u00famero de capacitaciones a instituciones como servicios y entes privados para avanzar en un trato inclusivo y respetuoso.<br>En tanto, la Delegada Provincial, Constanza Calisto, indic\u00f3 que \u201ces importante destacar que como<br>Gobierno se promulg\u00f3 el 2023 la Ley Tea, la cual tiene como principal objetivo garantizar el acceso de la atenci\u00f3n y el apoyo necesario a las personas con autismo. Entonces ac\u00e1 estamos incorporando ni\u00f1as, ni\u00f1os, adolescentes y personas adultas que est\u00e1n transitando junta a sus familias. Y es as\u00ed como nosotros como Delegaci\u00f3n estamos haciendo un trabajo continuo y permanente en conjunto con la Fundaci\u00f3n TeApoyo\u201d.<br>En este contexto, manifest\u00f3 que \u201cnos reunimos con la Fundaci\u00f3n para conversar sobre el 2 de abril, D\u00eda Mundial de la Concientizaci\u00f3n sobre el Autismo y esta vez no solamente celebrar el d\u00eda, sino que el mes.<br>Por lo tanto, nosotros ya nos comprometimos a preparar material explicativo de la Ley N\u00b021.545, sobre mitos y realidades como tambi\u00e9n participar con ellos en un puerta a puerta para seguir concientizando principalmente a la poblaci\u00f3n adulta. Seguimos comprometidos y buscando la igualdad, equidad, inclusi\u00f3n y fomentando la participaci\u00f3n\u201d.<br>La presidenta de la Fundaci\u00f3n Inclusiva TEApoyo, Leticia Trivi\u00f1o, resalt\u00f3 la realizaci\u00f3n de esta actividad como parte de los compromisos de la Mesa TEA, la cual est\u00e1 trabajando del a\u00f1o 2024 y que durante esta primera reuni\u00f3n del a\u00f1o se abord\u00f3 \u201clo que se ha hecho, lo que no se ha hecho, lo que est\u00e1 por hacerse, y tambi\u00e9n se juntaron todas las instituciones para poder seguir trabajando en conjunto con los ni\u00f1os TEA\u201d.<br>Romina del Real acot\u00f3 que la mesa TEA sesionar\u00e1 de forma bimensual con el fin de ir planificando<br>actividades. \u201cAhora la primera invitaci\u00f3n que tenemos es a una caravana silenciosa que va a desarrollar la Fundaci\u00f3n Inclusiva TEApoyo, en la cual vamos a participar. A su vez, se van a ir desarrollando otras capacitaciones a los distintos servicios respecto a lo que es la Ley\u201d, detall\u00f3.<\/p>\n\n\n\n<p><\/p>\n","protected":false},"excerpt":{"rendered":"<p>En cumplimiento a Ley N\u00b021.545, la cual establece la promoci\u00f3n de la inclusi\u00f3n, la atenci\u00f3n integral, y la protecci\u00f3n de los derechos de las personas con Trastorno del Espectro Autista,&#8230; <a class=\"read-more\" href=\"https:\/\/www.radiopresidenteibanez.cl\/web\/oficina-provincial-de-la-seremi-de-salud-en-cabo-de-hornos-presento-diagnostico-comunal-de-tea\/\">Leer m\u00e1s<\/a><\/p>\n","protected":false},"author":2,"featured_media":55448,"comment_status":"closed","ping_status":"closed","sticky":false,"template":"","format":"standard","meta":{"footnotes":""},"categories":[1],"tags":[],"class_list":["post-55447","post","type-post","status-publish","format-standard","has-post-thumbnail","hentry","category-cronica"],"_links":{"self":[{"href":"https:\/\/www.radiopresidenteibanez.cl\/web\/wp-json\/wp\/v2\/posts\/55447","targetHints":{"allow":["GET"]}}],"collection":[{"href":"https:\/\/www.radiopresidenteibanez.cl\/web\/wp-json\/wp\/v2\/posts"}],"about":[{"href":"https:\/\/www.radiopresidenteibanez.cl\/web\/wp-json\/wp\/v2\/types\/post"}],"author":[{"embeddable":true,"href":"https:\/\/www.radiopresidenteibanez.cl\/web\/wp-json\/wp\/v2\/users\/2"}],"replies":[{"embeddable":true,"href":"https:\/\/www.radiopresidenteibanez.cl\/web\/wp-json\/wp\/v2\/comments?post=55447"}],"version-history":[{"count":0,"href":"https:\/\/www.radiopresidenteibanez.cl\/web\/wp-json\/wp\/v2\/posts\/55447\/revisions"}],"wp:featuredmedia":[{"embeddable":true,"href":"https:\/\/www.radiopresidenteibanez.cl\/web\/wp-json\/wp\/v2\/media\/55448"}],"wp:attachment":[{"href":"https:\/\/www.radiopresidenteibanez.cl\/web\/wp-json\/wp\/v2\/media?parent=55447"}],"wp:term":[{"taxonomy":"category","embeddable":true,"href":"https:\/\/www.radiopresidenteibanez.cl\/web\/wp-json\/wp\/v2\/categories?post=55447"},{"taxonomy":"post_tag","embeddable":true,"href":"https:\/\/www.radiopresidenteibanez.cl\/web\/wp-json\/wp\/v2\/tags?post=55447"}],"curies":[{"name":"wp","href":"https:\/\/api.w.org\/{rel}","templated":true}]}}