{"id":55444,"date":"2025-04-03T11:45:21","date_gmt":"2025-04-03T14:45:21","guid":{"rendered":"https:\/\/www.radiopresidenteibanez.cl\/web\/?p=55444"},"modified":"2025-04-03T11:45:29","modified_gmt":"2025-04-03T14:45:29","slug":"participacion-ciudadana-la-oportunidad-de-involucrarse-en-la-elaboracion-del-plan-estrategico-de-recursos-hidricos-en-la-provincia-de-ultima-esperanza","status":"publish","type":"post","link":"https:\/\/www.radiopresidenteibanez.cl\/web\/participacion-ciudadana-la-oportunidad-de-involucrarse-en-la-elaboracion-del-plan-estrategico-de-recursos-hidricos-en-la-provincia-de-ultima-esperanza\/","title":{"rendered":"Participaci\u00f3n ciudadana: La oportunidad de involucrarse en la elaboraci\u00f3n del Plan Estrat\u00e9gico de Recursos H\u00eddricos en la provincia de \u00daltima Esperanza"},"content":{"rendered":"\n<p>La ley 21.435 que reform\u00f3 el C\u00f3digo de Aguas en abril de 2022, en su art\u00edculo 293 bis establece<br>que, cada cuenca del pa\u00eds deber\u00e1 contar con un Plan Estrat\u00e9gico de Recursos H\u00eddricos (PERH),<br>tendiente a propiciar la seguridad h\u00eddrica, que consiste en tener acceso al agua en cantidad y<br>calidad adecuadas para consumo humano, salud, subsistencia, desarrollo socioecon\u00f3mico,<br>conservaci\u00f3n y preservaci\u00f3n de los ecosistemas, promoviendo la resiliencia frente a amenazas<br>asociadas a sequ\u00edas y crecidas y la prevenci\u00f3n de la contaminaci\u00f3n.<br>En la Regi\u00f3n de Magallanes y de la Ant\u00e1rtica Chilena y particularmente en la cuenca Costeras Seno<br>Andrew y R\u00edo Hollemberg, ubicada en la provincia de \u00daltima Esperanza, que incluye las comunas<br>de Natales y Torres del Paine, la Direcci\u00f3n General de Aguas del Ministerio de Obras P\u00fablicas est\u00e1<br>desarrollando un estudio, que servir\u00e1 de insumo para la elaboraci\u00f3n del PERH. \u00c9ste ser\u00e1 un<br>instrumento de gesti\u00f3n de cambio clim\u00e1tico a nivel local, permitiendo identificar brechas h\u00eddricas<br>de agua superficial y subterr\u00e1nea, y proponiendo un conjunto de acciones que permitan enfrentar<br>los efectos adversos al cambio clim\u00e1tico sobre el recurso h\u00eddrico, con el fin de resguardar la<br>seguridad h\u00eddrica.<br>Durante el desarrollo de este estudio, a cargo de una empresa consultora, se recopilar\u00e1<br>informaci\u00f3n en aspectos clim\u00e1ticos, hidrol\u00f3gicos, hidrogeol\u00f3gicos, socioecon\u00f3micos,<br>ecosist\u00e9micos y culturales, entre otros. Adem\u00e1s, su ejecuci\u00f3n considera procesos de participaci\u00f3n<br>ciudadana, instancias cruciales para asegurar que la comunidad comparta experiencias y exponga<br>sus puntos de vista elaborando conjuntamente un plan robusto, participativo e inclusivo.<br>Recientemente realizamos un proceso de participaci\u00f3n ciudadana en Puerto Natales y Cerro<br>Castillo, identificando brechas de g\u00e9nero en la gesti\u00f3n h\u00eddrica y recopilando informaci\u00f3n sobre el<br>recurso h\u00eddrico en la cuenca. Otro espacio para la participaci\u00f3n activa de representantes u actores<br>relevantes en el territorio, es la Mesa Estrat\u00e9gica de Recursos H\u00eddricos (MERH), conformada el 1\u00b0<br>de abril de 2024, cuyos integrantes deber\u00e1n velar por el correcto desarrollo del PERH, detectando<br>brechas, priorizando medidas y acciones que permitan atender las necesidades presentes y futuras<br>del agua en la cuenca.<br>Vendr\u00e1n nuevas participaciones ciudadanas gestionadas por la DGA y es importante que la<br>comunidad se sume, ya que constituyen un espacio para que todas y todos tengan la oportunidad<br>de expresar sus ideas, necesidades, preocupaciones y objeciones, e involucrarse en la toma de<br>decisiones que conducir\u00e1n a la construcci\u00f3n de este Plan para ejercer la gobernanza del agua en la<br>cuenca haciendo foco en la gesti\u00f3n integrada de los recursos h\u00eddricos, considerando el agua para<br>todos los usos posibles y priorizando el consumo humano.<br>Desde ya, extendemos la invitaci\u00f3n a estas instancias de ejercicio democr\u00e1tico, donde todas y<br>todos ser\u00e1n escuchados. Para avanzar en seguridad h\u00eddrica, se requiere la participaci\u00f3n y<br>compromiso de todas y todos.<\/p>\n","protected":false},"excerpt":{"rendered":"<p>La ley 21.435 que reform\u00f3 el C\u00f3digo de Aguas en abril de 2022, en su art\u00edculo 293 bis estableceque, cada cuenca del pa\u00eds deber\u00e1 contar con un Plan Estrat\u00e9gico de&#8230; <a class=\"read-more\" href=\"https:\/\/www.radiopresidenteibanez.cl\/web\/participacion-ciudadana-la-oportunidad-de-involucrarse-en-la-elaboracion-del-plan-estrategico-de-recursos-hidricos-en-la-provincia-de-ultima-esperanza\/\">Leer m\u00e1s<\/a><\/p>\n","protected":false},"author":2,"featured_media":55445,"comment_status":"closed","ping_status":"closed","sticky":false,"template":"","format":"standard","meta":{"footnotes":""},"categories":[1],"tags":[],"class_list":["post-55444","post","type-post","status-publish","format-standard","has-post-thumbnail","hentry","category-cronica"],"_links":{"self":[{"href":"https:\/\/www.radiopresidenteibanez.cl\/web\/wp-json\/wp\/v2\/posts\/55444","targetHints":{"allow":["GET"]}}],"collection":[{"href":"https:\/\/www.radiopresidenteibanez.cl\/web\/wp-json\/wp\/v2\/posts"}],"about":[{"href":"https:\/\/www.radiopresidenteibanez.cl\/web\/wp-json\/wp\/v2\/types\/post"}],"author":[{"embeddable":true,"href":"https:\/\/www.radiopresidenteibanez.cl\/web\/wp-json\/wp\/v2\/users\/2"}],"replies":[{"embeddable":true,"href":"https:\/\/www.radiopresidenteibanez.cl\/web\/wp-json\/wp\/v2\/comments?post=55444"}],"version-history":[{"count":0,"href":"https:\/\/www.radiopresidenteibanez.cl\/web\/wp-json\/wp\/v2\/posts\/55444\/revisions"}],"wp:featuredmedia":[{"embeddable":true,"href":"https:\/\/www.radiopresidenteibanez.cl\/web\/wp-json\/wp\/v2\/media\/55445"}],"wp:attachment":[{"href":"https:\/\/www.radiopresidenteibanez.cl\/web\/wp-json\/wp\/v2\/media?parent=55444"}],"wp:term":[{"taxonomy":"category","embeddable":true,"href":"https:\/\/www.radiopresidenteibanez.cl\/web\/wp-json\/wp\/v2\/categories?post=55444"},{"taxonomy":"post_tag","embeddable":true,"href":"https:\/\/www.radiopresidenteibanez.cl\/web\/wp-json\/wp\/v2\/tags?post=55444"}],"curies":[{"name":"wp","href":"https:\/\/api.w.org\/{rel}","templated":true}]}}