{"id":55441,"date":"2025-04-03T10:10:00","date_gmt":"2025-04-03T13:10:00","guid":{"rendered":"https:\/\/www.radiopresidenteibanez.cl\/web\/?p=55441"},"modified":"2025-04-03T09:11:39","modified_gmt":"2025-04-03T12:11:39","slug":"diputado-matheson-pide-al-gobierno-ponerle-urgencia-a-proyecto-que-incorpora-la-educacion-civica-y-financiera-en-malla-curriculares","status":"publish","type":"post","link":"https:\/\/www.radiopresidenteibanez.cl\/web\/diputado-matheson-pide-al-gobierno-ponerle-urgencia-a-proyecto-que-incorpora-la-educacion-civica-y-financiera-en-malla-curriculares\/","title":{"rendered":"Diputado Matheson pide al Gobierno ponerle urgencia a proyecto que incorpora la Educaci\u00f3n C\u00edvica y Financiera en malla curriculares"},"content":{"rendered":"\n<p>A casi seis meses de una nueva elecci\u00f3n presidencial y parlamentaria en el pa\u00eds y ante los nuevos desaf\u00edos&nbsp;financieros que deben enfrentar j\u00f3venes profesionales que entran al mundo del trabajo, el diputado Christian Matheson pidi\u00f3 al Ejecutivo el patrocinar y ponerle urgencia al proyecto de ley que permita incorporar en la malla curricular de Ense\u00f1anza Media, las asignaturas de Educaci\u00f3n C\u00edvica y Educaci\u00f3n Financiera, cosa que le fuera solicitada al ejecutivo mediante proyecto de acuerdo de su autor\u00eda, en el a\u00f1o 2023.<\/p>\n\n\n\n<p>El legislador argument\u00f3 que \u201clos resultados del Estudio&nbsp;Internacional&nbsp;de&nbsp;Educaci\u00f3n&nbsp;C\u00edvica&nbsp;y&nbsp;Formaci\u00f3n&nbsp;Ciudadana 2016,&nbsp;aplicado&nbsp;en&nbsp;pa\u00edses&nbsp;de&nbsp;Am\u00e9rica,&nbsp;Europa&nbsp;y&nbsp;Asia, arrojaron que Chile tiene&nbsp;un&nbsp;puntaje&nbsp;significativamente&nbsp;m\u00e1s&nbsp;bajo&nbsp;(482&nbsp;puntos)&nbsp;que el promedio internacional (517 puntos). Y que de acuerdo a esta medici\u00f3n \u201cel 3,7% de los alumnos chilenos&nbsp;est\u00e1&nbsp;en&nbsp;el&nbsp;\u201cnivel&nbsp;D\u201d,&nbsp;es&nbsp;decir,&nbsp;el&nbsp;m\u00e1s&nbsp;bajo&nbsp;de&nbsp;los&nbsp;cinco&nbsp;que&nbsp;all\u00ed&nbsp;se&nbsp;establecen, lo que significa que no obtienen los conocimientos ni habilidades m\u00ednimas para participar en democracia\u201d.<\/p>\n\n\n\n<p>Por otro lado, Matheson dijo que otro aspecto en el que nuestro pa\u00eds est\u00e1 al debe \u201ces la educaci\u00f3n financiera, sobre todo&nbsp;en&nbsp;un&nbsp;pa\u00eds&nbsp;donde&nbsp;el&nbsp;endeudamiento de&nbsp;los&nbsp;hogares&nbsp;es&nbsp;muy&nbsp;elevado\u201d.<\/p>\n\n\n\n<p>Prueba&nbsp;de ello es el XXXVII Informe de Deuda Morosa, desarrollado por la Universidad San Sebasti\u00e1n y Equifax que refleja que en el periodo abril-junio de 2022 el total de deudores morosos aument\u00f3 un 0,7% con respecto al trimestre anterior, totalizando 4.142.633 personas.<\/p>\n\n\n\n<p>\u201cEntre&nbsp;los&nbsp;resultados&nbsp;que&nbsp;llaman&nbsp;la&nbsp;atenci\u00f3n&nbsp;del&nbsp;\u2018PISA&nbsp;Financiero\u2019&nbsp;realizado&nbsp;en&nbsp;Chile el a\u00f1o 2018 por la OCDE, encontramos que el 30,2% de los estudiantes est\u00e1 bajo el Nivel 2, vale decir, no posee habilidades b\u00e1sicas financieras. Mientras que s\u00f3lo el 3% de los alumnos alcanza el Nivel 5, es decir, competencias avanzadas en el \u00e1mbito financiero\u201d, subray\u00f3 el parlamentario magall\u00e1nico.<\/p>\n\n\n\n<p>\u201cPor ello\u201d, concluy\u00f3 Matheson, \u201curge avanzar en la&nbsp;preparaci\u00f3n y&nbsp;formaci\u00f3n de&nbsp;los estudiantes en el&nbsp;\u00e1mbito&nbsp;financiero,&nbsp;para que cuando deban enfrentar la vida laboral les permita manejar sus ingresos con responsabilidad,&nbsp;en especial, considerando&nbsp;la relevancia que estos conocimientos y habilidades cobran en la sociedad actual\u201d.<\/p>\n","protected":false},"excerpt":{"rendered":"<p>A casi seis meses de una nueva elecci\u00f3n presidencial y parlamentaria en el pa\u00eds y ante los nuevos desaf\u00edos&nbsp;financieros que deben enfrentar j\u00f3venes profesionales que entran al mundo del trabajo,&#8230; <a class=\"read-more\" href=\"https:\/\/www.radiopresidenteibanez.cl\/web\/diputado-matheson-pide-al-gobierno-ponerle-urgencia-a-proyecto-que-incorpora-la-educacion-civica-y-financiera-en-malla-curriculares\/\">Leer m\u00e1s<\/a><\/p>\n","protected":false},"author":2,"featured_media":55442,"comment_status":"closed","ping_status":"closed","sticky":false,"template":"","format":"standard","meta":{"footnotes":""},"categories":[1],"tags":[],"class_list":["post-55441","post","type-post","status-publish","format-standard","has-post-thumbnail","hentry","category-cronica"],"_links":{"self":[{"href":"https:\/\/www.radiopresidenteibanez.cl\/web\/wp-json\/wp\/v2\/posts\/55441","targetHints":{"allow":["GET"]}}],"collection":[{"href":"https:\/\/www.radiopresidenteibanez.cl\/web\/wp-json\/wp\/v2\/posts"}],"about":[{"href":"https:\/\/www.radiopresidenteibanez.cl\/web\/wp-json\/wp\/v2\/types\/post"}],"author":[{"embeddable":true,"href":"https:\/\/www.radiopresidenteibanez.cl\/web\/wp-json\/wp\/v2\/users\/2"}],"replies":[{"embeddable":true,"href":"https:\/\/www.radiopresidenteibanez.cl\/web\/wp-json\/wp\/v2\/comments?post=55441"}],"version-history":[{"count":0,"href":"https:\/\/www.radiopresidenteibanez.cl\/web\/wp-json\/wp\/v2\/posts\/55441\/revisions"}],"wp:featuredmedia":[{"embeddable":true,"href":"https:\/\/www.radiopresidenteibanez.cl\/web\/wp-json\/wp\/v2\/media\/55442"}],"wp:attachment":[{"href":"https:\/\/www.radiopresidenteibanez.cl\/web\/wp-json\/wp\/v2\/media?parent=55441"}],"wp:term":[{"taxonomy":"category","embeddable":true,"href":"https:\/\/www.radiopresidenteibanez.cl\/web\/wp-json\/wp\/v2\/categories?post=55441"},{"taxonomy":"post_tag","embeddable":true,"href":"https:\/\/www.radiopresidenteibanez.cl\/web\/wp-json\/wp\/v2\/tags?post=55441"}],"curies":[{"name":"wp","href":"https:\/\/api.w.org\/{rel}","templated":true}]}}