{"id":55435,"date":"2025-04-03T08:21:02","date_gmt":"2025-04-03T11:21:02","guid":{"rendered":"https:\/\/www.radiopresidenteibanez.cl\/web\/?p=55435"},"modified":"2025-04-03T08:21:14","modified_gmt":"2025-04-03T11:21:14","slug":"porvenir-y-cabo-de-hornos-regresan-a-las-aulas-tras-acuerdo-con-slep-magallanes","status":"publish","type":"post","link":"https:\/\/www.radiopresidenteibanez.cl\/web\/porvenir-y-cabo-de-hornos-regresan-a-las-aulas-tras-acuerdo-con-slep-magallanes\/","title":{"rendered":"Porvenir y Cabo de Hornos regresan a las aulas tras acuerdo con Slep Magallanes"},"content":{"rendered":"\n<p>La jornada de este mi\u00e9rcoles, los dirigentes de los profesores de Porvenir y Cabo de Hornos<br>informaron la adhesi\u00f3n de ambas comunas al protocolo de acuerdo elaborado entre los<br>gremios y el Servicio Local de Educaci\u00f3n P\u00fablica Magallanes, por lo cual el pr\u00f3ximo lunes<br>se realizar\u00e1n clases normales en los establecimientos fueguinos.<br>En las pr\u00f3ximas horas se espera retomar el di\u00e1logo con los dirigentes de las dem\u00e1s<br>comunas para avanzar en acuerdos. Los representantes de los profesores de Punta Arenas<br>fueron quienes expresaron mayores reparos a las propuestas y declararon su prop\u00f3sito de<br>mantenerse en paro con la exigencia de mejoras salariales. De hecho, el comunal Punta<br>Arenas del Colegio de Profesores rechaz\u00f3 la totalidad de los puntos en el documento que<br>se ven\u00eda conversando.<br>El director ejecutivo subrogante del SLEP Magallanes, Jorge Vald\u00e9s Or\u00f3stica, destac\u00f3 como<br>una buena noticia para las familias de Porvenir y Cabo de Hornos los entendimientos que<br>devuelven la normalidad al sistema educativo en esas comunas.\u201cVamos a mantener las<br>conversaciones con los dirigentes del profesorado entendiendo que los plazos para dar<br>curso a una estrategia de recuperaci\u00f3n de clases est\u00e1n al l\u00edmite, por lo que es urgente<br>aunar las voluntades para una soluci\u00f3n definitiva a esta paralizaci\u00f3n\u201d, indic\u00f3<br>El seremi de Educaci\u00f3n, Valent\u00edn Aguilera G\u00f3mez, agreg\u00f3 que \u201cvaloramos profundamente<br>que en el caso de las comunas de Porvenir y Cabo de Hornos podamos avanzar en un<br>acuerdo que permitir\u00e1, por un lado, destrabar el paro de brazos ca\u00eddos y por fin retornar a la<br>normalidad del servicio educativo en esas comunas, pero que adem\u00e1s conlleva una serie de<br>beneficios laborales y organizacionales. Esperamos que la misma t\u00f3nica, se replique en la<br>comuna de Punta Arenas\u201d.<\/p>\n","protected":false},"excerpt":{"rendered":"<p>La jornada de este mi\u00e9rcoles, los dirigentes de los profesores de Porvenir y Cabo de Hornosinformaron la adhesi\u00f3n de ambas comunas al protocolo de acuerdo elaborado entre losgremios y el&#8230; <a class=\"read-more\" href=\"https:\/\/www.radiopresidenteibanez.cl\/web\/porvenir-y-cabo-de-hornos-regresan-a-las-aulas-tras-acuerdo-con-slep-magallanes\/\">Leer m\u00e1s<\/a><\/p>\n","protected":false},"author":2,"featured_media":55436,"comment_status":"closed","ping_status":"closed","sticky":false,"template":"","format":"standard","meta":{"footnotes":""},"categories":[1],"tags":[],"class_list":["post-55435","post","type-post","status-publish","format-standard","has-post-thumbnail","hentry","category-cronica"],"_links":{"self":[{"href":"https:\/\/www.radiopresidenteibanez.cl\/web\/wp-json\/wp\/v2\/posts\/55435","targetHints":{"allow":["GET"]}}],"collection":[{"href":"https:\/\/www.radiopresidenteibanez.cl\/web\/wp-json\/wp\/v2\/posts"}],"about":[{"href":"https:\/\/www.radiopresidenteibanez.cl\/web\/wp-json\/wp\/v2\/types\/post"}],"author":[{"embeddable":true,"href":"https:\/\/www.radiopresidenteibanez.cl\/web\/wp-json\/wp\/v2\/users\/2"}],"replies":[{"embeddable":true,"href":"https:\/\/www.radiopresidenteibanez.cl\/web\/wp-json\/wp\/v2\/comments?post=55435"}],"version-history":[{"count":0,"href":"https:\/\/www.radiopresidenteibanez.cl\/web\/wp-json\/wp\/v2\/posts\/55435\/revisions"}],"wp:featuredmedia":[{"embeddable":true,"href":"https:\/\/www.radiopresidenteibanez.cl\/web\/wp-json\/wp\/v2\/media\/55436"}],"wp:attachment":[{"href":"https:\/\/www.radiopresidenteibanez.cl\/web\/wp-json\/wp\/v2\/media?parent=55435"}],"wp:term":[{"taxonomy":"category","embeddable":true,"href":"https:\/\/www.radiopresidenteibanez.cl\/web\/wp-json\/wp\/v2\/categories?post=55435"},{"taxonomy":"post_tag","embeddable":true,"href":"https:\/\/www.radiopresidenteibanez.cl\/web\/wp-json\/wp\/v2\/tags?post=55435"}],"curies":[{"name":"wp","href":"https:\/\/api.w.org\/{rel}","templated":true}]}}