{"id":55433,"date":"2025-04-02T19:25:37","date_gmt":"2025-04-02T22:25:37","guid":{"rendered":"https:\/\/www.radiopresidenteibanez.cl\/web\/?p=55433"},"modified":"2025-04-02T19:25:42","modified_gmt":"2025-04-02T22:25:42","slug":"servinaut-informa-pronostico-regional-maritimo-86","status":"publish","type":"post","link":"https:\/\/www.radiopresidenteibanez.cl\/web\/servinaut-informa-pronostico-regional-maritimo-86\/","title":{"rendered":"SERVINAUT INFORMA: PRON\u00d3STICO REGIONAL MAR\u00cdTIMO"},"content":{"rendered":"\n<p>V\u00e1lido hasta 20:00 horas del jueves 03 de abril&nbsp; de 2025.<\/p>\n\n\n\n<p><a href=\"https:\/\/www.latercera.com\/autor\/oscar-guillermo-garreton\"><br><br><\/a><\/p>\n\n\n\n<p><\/p>\n\n\n\n<p><strong>ZONA SIETE (FARO SAN PEDRO A FARO EVANGELISTAS):<\/strong><\/p>\n\n\n\n<p>SITUACI\u00d3N SIN\u00d3PTICA: ANTICICL\u00d3NICO.<\/p>\n\n\n\n<p>PRON\u00d3STICO: PARCIAL VARIANDO A CUBIERTO, VIS 10 KM, VTO E\/SE ROLANDO AL N\/NE 5\/15 NDS OCASIONAL 20 NDS, MAR MAREJADA A GRUESA (2.0\/3.0 MT) COMO MAR DE FONDO DEL S\/SW<\/p>\n\n\n\n<p><strong>ZONA OCHO (F.EVANGELISTAS A LAT 60 GDS SUR<\/strong>):<\/p>\n\n\n\n<p>SITUACI\u00d3N SINOPTICA: ANTICICL\u00d3NICO.<\/p>\n\n\n\n<p>PRON\u00d3STICO: (FARO EVANGELISTAS A LATITUD 56 GDS SUR): PARCIAL VARIANDO A CUBIERTO, VIS 10 KM, VTO CALMA A N\/NW 5\/10 NDS, MAR MAREJADA (1.5\/2.5 MT) COMO MAR DE FONDO DEL SURWESTE ROLANDO AL W\/SW.<\/p>\n\n\n\n<p>(LATITUD 56 GDS SUR A LATITUD 60 GDS SUR): CUBIERTO, VIS 10 KM CHUBASCOS, VTO S\/SW ROLANDO AL W\/SW 15\/20 NDS OCASIONAL 25 NDS, MAR MAREJADA A GRUESA (2.0\/3.0 MT) COMO MAR DE FONDO DEL SURWESTE ROLANDO AL W\/SW.<\/p>\n\n\n\n<p><strong>ESTRECHO NELSON:<\/strong><\/p>\n\n\n\n<p>PARCIAL VARIANDO A CUBIERTO, VIS 10 KM, VTO CALMA A N\/NE 5\/10 NDS, MAR MAREJADA (1.5\/2.5 MT) COMO MAR DE FONDO DEL SURWESTE ROLANDO AL W\/SW.<\/p>\n\n\n\n<p><strong>PUERTO NATALES:<\/strong><\/p>\n\n\n\n<p>PARCIAL, VIS 10 KM, VTO CALMA, MAR LLANA EN BAH\u00cdA.<\/p>\n\n\n\n<p>TEMPERATURA M\u00c1XIMA PROBABLE : 8.0 \u00b0C.<\/p>\n\n\n\n<p><strong>PASO TAMAR<\/strong>:<\/p>\n\n\n\n<p>PARCIAL VARIANDO A CUBIERTO, VIS 10 KM, VTO S\/SE 10\/5 NDS A CALMA, MAR MAREJADILLA A RIZADA (0.8\/0.2 MT).<\/p>\n\n\n\n<p><strong>FARO F\u00c9LIX A CABO FROWARD:<\/strong><\/p>\n\n\n\n<p>PARCIAL A NUBLADO, VIS 10 KM, VTO CALMA AUMENTANDO HACIA CABO FROWARD S\/SW 5\/10 NDS OCASIONAL 15 NDS, MAR RIZADA A MAREJADILLA (0.2\/0.8 MT).<\/p>\n\n\n\n<p><strong>CABO FROWARD A PUNTA DELGADA:<\/strong><\/p>\n\n\n\n<p>PARCIAL, VIS 10 KM, VTO S\/SW 5\/10 NDS RACHAS 20 NDS A CALMA, MAR MAREJADILLA A RIZADA (0.8\/0.2 MT).<\/p>\n\n\n\n<p><strong>PUNTA ARENAS:<\/strong><\/p>\n\n\n\n<p>PARCIAL, VIS 10 KM, VTO W\/SW 5\/10 NDS A CALMA, MAR RIZADA EN BAH\u00cdA.<\/p>\n\n\n\n<p>TEMPERATURA M\u00c1XIMA PROBABLE : 9.0 \u00b0C.<\/p>\n\n\n\n<p>INDICE DE RADIACI\u00d3N ULTRAVIOLETA : 2 BAJO (FUENTE USACH).<\/p>\n\n\n\n<p><strong>PTA. DELGADA\/DUNGENESS:<\/strong><\/p>\n\n\n\n<p>PARCIAL, VIS 10 KM, VTO S\/SW ROLANDO AL W\/SW 5\/15 NDS, MAR MAREJADILLA A RIZADA (0.8\/0.2 MT).<\/p>\n\n\n\n<p><strong>CANAL BRECKNOCK:<\/strong><\/p>\n\n\n\n<p>CUBIERTO VARIANDO A PARCIAL, VIS 10 KM, VTO S\/SW 5\/10 NDS A CALMA, MAR MAREJADILLA A MAREJADA (1.0\/2.0 MT) COMO MAR DE FONDO DEL SURWESTE AL W\/SW.<\/p>\n\n\n\n<p><strong>TIMBALES A PUERTO NAVARINO:<\/strong><\/p>\n\n\n\n<p>NUBLADO A CUBIERTO, VIS 2\/4 KM NEBLINA\/NIEVE, VTO CALMA, MAR RIZADA (0.2\/0.5 MT).<\/p>\n\n\n\n<p><strong>PUERTO NAVARINO A ISLA NUEVA:<\/strong><\/p>\n\n\n\n<p>CUBIERTO OCASIONAL NUBLADO, VIS 8\/10 KM CHUBASCOS, VTO CALMA AUMENTANDO HACIA ISLA NUEVA S\/SW 15\/25 NDS OCASIONAL 30 NDS, MAR MAREJADILLA A MAREJADA (1.0\/2.0 MT).<\/p>\n\n\n\n<p><strong>PUERTO WILLIAMS:<\/strong><\/p>\n\n\n\n<p>CUBIERTO VARIANDO A PARCIAL, VIS 4\/10 KM NEBLINA\/LLOVIZNA, VTO S\/SW 5\/10 NDS RACHAS 20 NDS A CALMA, MAR RIZADA A LLANA EN BAH\u00cdA.<\/p>\n\n\n\n<p>TEMPERATURA M\u00c1XIMA PROBABLE : 4.0 \u00b0C.<\/p>\n\n\n\n<p><strong>BAH\u00cdA NASSAU A CABO DE HORNOS:<\/strong><\/p>\n\n\n\n<p>CUBIERTO, VIS 10 KM, VTO N\/NW ROLANDO AL N\/NE 5\/10 NDS, MAR MAREJADILLA A MAREJADA (1.0\/2.0 MT).<\/p>\n\n\n\n<p><strong>CABO DE HORNOS:<\/strong><\/p>\n\n\n\n<p><a><\/a><a><\/a><a>CUBIERTO, VIS 10 KM CHUBASCOS, VTO S\/SW 15\/25 NDS OCASIONAL 30 NDS, MAR MAREJADA A GRUESA (2.0\/3.0 MT).<\/a><\/p>\n\n\n\n<p><strong><em>INFORMACI\u00d3N ELABORADA POR EL CENTRO METEOROL\u00d3GICO MAR\u00cdTIMO DE MAGALLANES<\/em><\/strong><\/p>\n","protected":false},"excerpt":{"rendered":"<p>V\u00e1lido hasta 20:00 horas del jueves 03 de abril&nbsp; de 2025. ZONA SIETE (FARO SAN PEDRO A FARO EVANGELISTAS): SITUACI\u00d3N SIN\u00d3PTICA: ANTICICL\u00d3NICO. PRON\u00d3STICO: PARCIAL VARIANDO A CUBIERTO, VIS 10 KM,&#8230; <a class=\"read-more\" href=\"https:\/\/www.radiopresidenteibanez.cl\/web\/servinaut-informa-pronostico-regional-maritimo-86\/\">Leer m\u00e1s<\/a><\/p>\n","protected":false},"author":2,"featured_media":55211,"comment_status":"closed","ping_status":"closed","sticky":false,"template":"","format":"standard","meta":{"footnotes":""},"categories":[1],"tags":[],"class_list":["post-55433","post","type-post","status-publish","format-standard","has-post-thumbnail","hentry","category-cronica"],"_links":{"self":[{"href":"https:\/\/www.radiopresidenteibanez.cl\/web\/wp-json\/wp\/v2\/posts\/55433","targetHints":{"allow":["GET"]}}],"collection":[{"href":"https:\/\/www.radiopresidenteibanez.cl\/web\/wp-json\/wp\/v2\/posts"}],"about":[{"href":"https:\/\/www.radiopresidenteibanez.cl\/web\/wp-json\/wp\/v2\/types\/post"}],"author":[{"embeddable":true,"href":"https:\/\/www.radiopresidenteibanez.cl\/web\/wp-json\/wp\/v2\/users\/2"}],"replies":[{"embeddable":true,"href":"https:\/\/www.radiopresidenteibanez.cl\/web\/wp-json\/wp\/v2\/comments?post=55433"}],"version-history":[{"count":0,"href":"https:\/\/www.radiopresidenteibanez.cl\/web\/wp-json\/wp\/v2\/posts\/55433\/revisions"}],"wp:featuredmedia":[{"embeddable":true,"href":"https:\/\/www.radiopresidenteibanez.cl\/web\/wp-json\/wp\/v2\/media\/55211"}],"wp:attachment":[{"href":"https:\/\/www.radiopresidenteibanez.cl\/web\/wp-json\/wp\/v2\/media?parent=55433"}],"wp:term":[{"taxonomy":"category","embeddable":true,"href":"https:\/\/www.radiopresidenteibanez.cl\/web\/wp-json\/wp\/v2\/categories?post=55433"},{"taxonomy":"post_tag","embeddable":true,"href":"https:\/\/www.radiopresidenteibanez.cl\/web\/wp-json\/wp\/v2\/tags?post=55433"}],"curies":[{"name":"wp","href":"https:\/\/api.w.org\/{rel}","templated":true}]}}